{"id":117,"date":"2012-07-30T17:59:39","date_gmt":"2012-07-30T17:59:39","guid":{"rendered":"https:\/\/www.escarioarquitectos.com\/?p=117"},"modified":"2013-05-06T10:27:16","modified_gmt":"2013-05-06T10:27:16","slug":"aeropuerto-vigo","status":"publish","type":"post","link":"https:\/\/www.escarioarquitectos.com\/?p=117","title":{"rendered":"aeropuerto vigo"},"content":{"rendered":"<!-- default-view.php -->\n<div\n\tclass=\"ngg-galleryoverview default-view \"\n\tid=\"ngg-gallery-2e14ec28af9c5132300063c7d2310dfb-1\">\n\n\t\t<!-- Thumbnails -->\n\t\t\t\t<div id=\"ngg-image-0\" class=\"ngg-gallery-thumbnail-box \" >\n\t\t\t\t        <div class=\"ngg-gallery-thumbnail\">\n            <a href=\"https:\/\/www.escarioarquitectos.com\/wp-content\/gallery\/aerovigo_1\/p50-aerovigo-w1.jpg\"\n               title=\"\"\n               data-src=\"https:\/\/www.escarioarquitectos.com\/wp-content\/gallery\/aerovigo_1\/p50-aerovigo-w1.jpg\"\n               data-thumbnail=\"https:\/\/www.escarioarquitectos.com\/wp-content\/gallery\/aerovigo_1\/thumbs\/thumbs_p50-aerovigo-w1.jpg\"\n               data-image-id=\"458\"\n               data-title=\"p50-aerovigo-w1\"\n               data-description=\"\"\n               data-image-slug=\"p50-aerovigo-w1\"\n               class=\"ngg-simplelightbox\" rel=\"2e14ec28af9c5132300063c7d2310dfb\">\n                <img\n                    title=\"p50-aerovigo-w1\"\n                    alt=\"p50-aerovigo-w1\"\n                    src=\"https:\/\/www.escarioarquitectos.com\/wp-content\/gallery\/aerovigo_1\/thumbs\/thumbs_p50-aerovigo-w1.jpg\"\n                    width=\"222\"\n                    height=\"143\"\n                    style=\"max-width:100%;\"\n                \/>\n            <\/a>\n        <\/div>\n\t\t\t\t\t\t\t<\/div> \n\t\t\t\n\t\t\t\t<div id=\"ngg-image-1\" class=\"ngg-gallery-thumbnail-box \" >\n\t\t\t\t        <div class=\"ngg-gallery-thumbnail\">\n            <a href=\"https:\/\/www.escarioarquitectos.com\/wp-content\/gallery\/aerovigo_1\/p50-aerovigo-w2.jpg\"\n               title=\"\"\n               data-src=\"https:\/\/www.escarioarquitectos.com\/wp-content\/gallery\/aerovigo_1\/p50-aerovigo-w2.jpg\"\n               data-thumbnail=\"https:\/\/www.escarioarquitectos.com\/wp-content\/gallery\/aerovigo_1\/thumbs\/thumbs_p50-aerovigo-w2.jpg\"\n               data-image-id=\"459\"\n               data-title=\"p50-aerovigo-w2\"\n               data-description=\"\"\n               data-image-slug=\"p50-aerovigo-w2\"\n               class=\"ngg-simplelightbox\" rel=\"2e14ec28af9c5132300063c7d2310dfb\">\n                <img\n                    title=\"p50-aerovigo-w2\"\n                    alt=\"p50-aerovigo-w2\"\n                    src=\"https:\/\/www.escarioarquitectos.com\/wp-content\/gallery\/aerovigo_1\/thumbs\/thumbs_p50-aerovigo-w2.jpg\"\n                    width=\"222\"\n                    height=\"143\"\n                    style=\"max-width:100%;\"\n                \/>\n            <\/a>\n        <\/div>\n\t\t\t\t\t\t\t<\/div> \n\t\t\t\n\t\t\t\t<div id=\"ngg-image-2\" class=\"ngg-gallery-thumbnail-box \" >\n\t\t\t\t        <div class=\"ngg-gallery-thumbnail\">\n            <a href=\"https:\/\/www.escarioarquitectos.com\/wp-content\/gallery\/aerovigo_1\/p50-aerovigo-w3.jpg\"\n               title=\"\"\n               data-src=\"https:\/\/www.escarioarquitectos.com\/wp-content\/gallery\/aerovigo_1\/p50-aerovigo-w3.jpg\"\n               data-thumbnail=\"https:\/\/www.escarioarquitectos.com\/wp-content\/gallery\/aerovigo_1\/thumbs\/thumbs_p50-aerovigo-w3.jpg\"\n               data-image-id=\"460\"\n               data-title=\"p50-aerovigo-w3\"\n               data-description=\"\"\n               data-image-slug=\"p50-aerovigo-w3\"\n               class=\"ngg-simplelightbox\" rel=\"2e14ec28af9c5132300063c7d2310dfb\">\n                <img\n                    title=\"p50-aerovigo-w3\"\n                    alt=\"p50-aerovigo-w3\"\n                    src=\"https:\/\/www.escarioarquitectos.com\/wp-content\/gallery\/aerovigo_1\/thumbs\/thumbs_p50-aerovigo-w3.jpg\"\n                    width=\"222\"\n                    height=\"143\"\n                    style=\"max-width:100%;\"\n                \/>\n            <\/a>\n        <\/div>\n\t\t\t\t\t\t\t<\/div> \n\t\t\t\n\t\t\t\t<div id=\"ngg-image-3\" class=\"ngg-gallery-thumbnail-box \" >\n\t\t\t\t        <div class=\"ngg-gallery-thumbnail\">\n            <a href=\"https:\/\/www.escarioarquitectos.com\/wp-content\/gallery\/aerovigo_1\/p50-aerovigo-w4.jpg\"\n               title=\"\"\n               data-src=\"https:\/\/www.escarioarquitectos.com\/wp-content\/gallery\/aerovigo_1\/p50-aerovigo-w4.jpg\"\n               data-thumbnail=\"https:\/\/www.escarioarquitectos.com\/wp-content\/gallery\/aerovigo_1\/thumbs\/thumbs_p50-aerovigo-w4.jpg\"\n               data-image-id=\"461\"\n               data-title=\"p50-aerovigo-w4\"\n               data-description=\"\"\n               data-image-slug=\"p50-aerovigo-w4\"\n               class=\"ngg-simplelightbox\" rel=\"2e14ec28af9c5132300063c7d2310dfb\">\n                <img\n                    title=\"p50-aerovigo-w4\"\n                    alt=\"p50-aerovigo-w4\"\n                    src=\"https:\/\/www.escarioarquitectos.com\/wp-content\/gallery\/aerovigo_1\/thumbs\/thumbs_p50-aerovigo-w4.jpg\"\n                    width=\"222\"\n                    height=\"143\"\n                    style=\"max-width:100%;\"\n                \/>\n            <\/a>\n        <\/div>\n\t\t\t\t\t\t\t<\/div> \n\t\t\t\n\t\n\t<br style=\"clear: both\" \/>\n\n\t\n\t\t<!-- Pagination -->\n\t<div class='ngg-clear'><\/div>\t<\/div>\n\n<p style=\"text-align: justify;\">UN CONJUNTO FLEXIBLE Y ESCALABLE PARA ADAPTARLO A SU CRECIMIENTO.<br \/>\nESQUEMA CLARO Y SENCILLO F\u00c1CILMENTE IDENTIFICABLE POR LOS USUARIOS.<\/p>\n<p style=\"text-align: justify;\">El edificio de la terminal del aeropuerto de Vigo se caracteriza por un esquema sencillo f\u00e1cilmente identificable por el usuario.<br \/>\nFormalmente se define por una estructura de grandes luces, limitando los pilares en el espacio interior, y una cubierta en forma de \u201cAlas de avi\u00f3n\u201d.<br \/>\nEstas grandes alas a\u00fanan la ubicaci\u00f3n de instalaciones y pasarelas de mantenimiento y la ubicaci\u00f3n de lucernarios para permitir la entrada de luz natural.<\/p>\n","protected":false},"excerpt":{"rendered":"<p>Un conjunto flexible y escalable para adaptarlo a su crecimiento.Esquema claro y sencillo f\u00e1cilmente identificable por los usuarios. El edificio de la terminal del aeropuerto de Vigo se caracteriza por un esquema sencillo f\u00e1cilmente identificable por el usuario. Escario Arquitectos.<\/p>\n","protected":false},"author":5,"featured_media":728,"comment_status":"closed","ping_status":"closed","sticky":false,"template":"","format":"standard","meta":{"ngg_post_thumbnail":0,"footnotes":""},"categories":[2,1],"tags":[],"_links":{"self":[{"href":"https:\/\/www.escarioarquitectos.com\/index.php?rest_route=\/wp\/v2\/posts\/117"}],"collection":[{"href":"https:\/\/www.escarioarquitectos.com\/index.php?rest_route=\/wp\/v2\/posts"}],"about":[{"href":"https:\/\/www.escarioarquitectos.com\/index.php?rest_route=\/wp\/v2\/types\/post"}],"author":[{"embeddable":true,"href":"https:\/\/www.escarioarquitectos.com\/index.php?rest_route=\/wp\/v2\/users\/5"}],"replies":[{"embeddable":true,"href":"https:\/\/www.escarioarquitectos.com\/index.php?rest_route=%2Fwp%2Fv2%2Fcomments&post=117"}],"version-history":[{"count":20,"href":"https:\/\/www.escarioarquitectos.com\/index.php?rest_route=\/wp\/v2\/posts\/117\/revisions"}],"predecessor-version":[{"id":1194,"href":"https:\/\/www.escarioarquitectos.com\/index.php?rest_route=\/wp\/v2\/posts\/117\/revisions\/1194"}],"wp:featuredmedia":[{"embeddable":true,"href":"https:\/\/www.escarioarquitectos.com\/index.php?rest_route=\/wp\/v2\/media\/728"}],"wp:attachment":[{"href":"https:\/\/www.escarioarquitectos.com\/index.php?rest_route=%2Fwp%2Fv2%2Fmedia&parent=117"}],"wp:term":[{"taxonomy":"category","embeddable":true,"href":"https:\/\/www.escarioarquitectos.com\/index.php?rest_route=%2Fwp%2Fv2%2Fcategories&post=117"},{"taxonomy":"post_tag","embeddable":true,"href":"https:\/\/www.escarioarquitectos.com\/index.php?rest_route=%2Fwp%2Fv2%2Ftags&post=117"}],"curies":[{"name":"wp","href":"https:\/\/api.w.org\/{rel}","templated":true}]}}