{"id":127,"date":"2012-12-30T18:04:39","date_gmt":"2012-12-30T18:04:39","guid":{"rendered":"https:\/\/www.escarioarquitectos.com\/?p=127"},"modified":"2013-05-06T10:24:42","modified_gmt":"2013-05-06T10:24:42","slug":"tesoreria-sevilla","status":"publish","type":"post","link":"https:\/\/www.escarioarquitectos.com\/?p=127","title":{"rendered":"tesorer\u00eda sevilla"},"content":{"rendered":"<div>\n<p style=\"text-align: justify;\"><!-- default-view.php -->\n<div\n\tclass=\"ngg-galleryoverview default-view \"\n\tid=\"ngg-gallery-72c6bc92a1b1e841db90b0daaeee60ec-1\">\n\n\t\t<!-- Thumbnails -->\n\t\t\t\t<div id=\"ngg-image-0\" class=\"ngg-gallery-thumbnail-box \" >\n\t\t\t\t        <div class=\"ngg-gallery-thumbnail\">\n            <a href=\"https:\/\/www.escarioarquitectos.com\/wp-content\/gallery\/tesosevilla\/n87-tesosevillaw1.jpg\"\n               title=\"\"\n               data-src=\"https:\/\/www.escarioarquitectos.com\/wp-content\/gallery\/tesosevilla\/n87-tesosevillaw1.jpg\"\n               data-thumbnail=\"https:\/\/www.escarioarquitectos.com\/wp-content\/gallery\/tesosevilla\/thumbs\/thumbs_n87-tesosevillaw1.jpg\"\n               data-image-id=\"380\"\n               data-title=\"n87-tesosevillaw1\"\n               data-description=\"\"\n               data-image-slug=\"n87-tesosevillaw1\"\n               class=\"ngg-simplelightbox\" rel=\"72c6bc92a1b1e841db90b0daaeee60ec\">\n                <img\n                    title=\"n87-tesosevillaw1\"\n                    alt=\"n87-tesosevillaw1\"\n                    src=\"https:\/\/www.escarioarquitectos.com\/wp-content\/gallery\/tesosevilla\/thumbs\/thumbs_n87-tesosevillaw1.jpg\"\n                    width=\"222\"\n                    height=\"143\"\n                    style=\"max-width:100%;\"\n                \/>\n            <\/a>\n        <\/div>\n\t\t\t\t\t\t\t<\/div> \n\t\t\t\n\t\t\t\t<div id=\"ngg-image-1\" class=\"ngg-gallery-thumbnail-box \" >\n\t\t\t\t        <div class=\"ngg-gallery-thumbnail\">\n            <a href=\"https:\/\/www.escarioarquitectos.com\/wp-content\/gallery\/tesosevilla\/n87-tesosevillaw2.jpg\"\n               title=\"\"\n               data-src=\"https:\/\/www.escarioarquitectos.com\/wp-content\/gallery\/tesosevilla\/n87-tesosevillaw2.jpg\"\n               data-thumbnail=\"https:\/\/www.escarioarquitectos.com\/wp-content\/gallery\/tesosevilla\/thumbs\/thumbs_n87-tesosevillaw2.jpg\"\n               data-image-id=\"381\"\n               data-title=\"n87-tesosevillaw2\"\n               data-description=\"\"\n               data-image-slug=\"n87-tesosevillaw2\"\n               class=\"ngg-simplelightbox\" rel=\"72c6bc92a1b1e841db90b0daaeee60ec\">\n                <img\n                    title=\"n87-tesosevillaw2\"\n                    alt=\"n87-tesosevillaw2\"\n                    src=\"https:\/\/www.escarioarquitectos.com\/wp-content\/gallery\/tesosevilla\/thumbs\/thumbs_n87-tesosevillaw2.jpg\"\n                    width=\"222\"\n                    height=\"143\"\n                    style=\"max-width:100%;\"\n                \/>\n            <\/a>\n        <\/div>\n\t\t\t\t\t\t\t<\/div> \n\t\t\t\n\t\t\t\t<div id=\"ngg-image-2\" class=\"ngg-gallery-thumbnail-box \" >\n\t\t\t\t        <div class=\"ngg-gallery-thumbnail\">\n            <a href=\"https:\/\/www.escarioarquitectos.com\/wp-content\/gallery\/tesosevilla\/n87-tesosevillaw3.jpg\"\n               title=\"\"\n               data-src=\"https:\/\/www.escarioarquitectos.com\/wp-content\/gallery\/tesosevilla\/n87-tesosevillaw3.jpg\"\n               data-thumbnail=\"https:\/\/www.escarioarquitectos.com\/wp-content\/gallery\/tesosevilla\/thumbs\/thumbs_n87-tesosevillaw3.jpg\"\n               data-image-id=\"382\"\n               data-title=\"n87-tesosevillaw3\"\n               data-description=\"\"\n               data-image-slug=\"n87-tesosevillaw3\"\n               class=\"ngg-simplelightbox\" rel=\"72c6bc92a1b1e841db90b0daaeee60ec\">\n                <img\n                    title=\"n87-tesosevillaw3\"\n                    alt=\"n87-tesosevillaw3\"\n                    src=\"https:\/\/www.escarioarquitectos.com\/wp-content\/gallery\/tesosevilla\/thumbs\/thumbs_n87-tesosevillaw3.jpg\"\n                    width=\"222\"\n                    height=\"143\"\n                    style=\"max-width:100%;\"\n                \/>\n            <\/a>\n        <\/div>\n\t\t\t\t\t\t\t<\/div> \n\t\t\t\n\t\t\t\t<div id=\"ngg-image-3\" class=\"ngg-gallery-thumbnail-box \" >\n\t\t\t\t        <div class=\"ngg-gallery-thumbnail\">\n            <a href=\"https:\/\/www.escarioarquitectos.com\/wp-content\/gallery\/tesosevilla\/n87-tesosevillaw4.jpg\"\n               title=\"\"\n               data-src=\"https:\/\/www.escarioarquitectos.com\/wp-content\/gallery\/tesosevilla\/n87-tesosevillaw4.jpg\"\n               data-thumbnail=\"https:\/\/www.escarioarquitectos.com\/wp-content\/gallery\/tesosevilla\/thumbs\/thumbs_n87-tesosevillaw4.jpg\"\n               data-image-id=\"383\"\n               data-title=\"n87-tesosevillaw4\"\n               data-description=\"\"\n               data-image-slug=\"n87-tesosevillaw4\"\n               class=\"ngg-simplelightbox\" rel=\"72c6bc92a1b1e841db90b0daaeee60ec\">\n                <img\n                    title=\"n87-tesosevillaw4\"\n                    alt=\"n87-tesosevillaw4\"\n                    src=\"https:\/\/www.escarioarquitectos.com\/wp-content\/gallery\/tesosevilla\/thumbs\/thumbs_n87-tesosevillaw4.jpg\"\n                    width=\"222\"\n                    height=\"143\"\n                    style=\"max-width:100%;\"\n                \/>\n            <\/a>\n        <\/div>\n\t\t\t\t\t\t\t<\/div> \n\t\t\t\n\t\n\t<br style=\"clear: both\" \/>\n\n\t\n\t\t<!-- Pagination -->\n\t<div class='ngg-clear'><\/div>\t<\/div>\n<\/p>\n<p style=\"text-align: justify;\">SEDE TERRITORIAL DE LA SEGURIDAD SOCIAL. RESPONDE Y BASA SU DISE\u00d1O EN EL AN\u00c1LISIS DEL ENTORNO Y EN LA ADAPTACI\u00d3N AL MISMO, TANTO VISUAL COMO BIOCLIMATICAMENTE.<\/p>\n<p style=\"text-align: justify;\">Este edificio responde a dos grandes temas: la soluci\u00f3n correcta al uso al que se destina el programa funcional y la ubicaci\u00f3n concreta como parte de la ciudad, el lugar.El edificio se levanta macizando exteriormente el solar disponible en las siete plantas que tiene el edificio.Un primer cuerpo de edificaci\u00f3n que ocupa la mitad del solar, en direcci\u00f3n este-oeste con p\u00f3rticos de 16 metros de luz, alberga el grueso del programa resuelto mediante el sistema de oficina-paisaje, con suelo y techo t\u00e9cnico que aseguran la flexibilidad y todo tipo de comparti\u00admentaci\u00f3n en el futuro, as\u00ed como la calidad de todos los puestos de trabajo.<br \/>\nLuz natural y vistas est\u00e1n aseguradas por igual mediante dos fachadas lineales en muro cortina tamizado longitudinal al norte y al sur.\u00a0Perpendicular a \u00e9ste, con luces m\u00e1s reducidas, se cierra la fachada oeste a la Avenida, donde se disponen los despachos compartimentados.<br \/>\nUn \u00faltimo cuerpo de escaso fondo, a modo de muro grueso en \u201cL\u201d, donde se ubican las instalaciones y los locales h\u00famedo, cierra las fachadas sur y oeste: aislando al edificio de las vistas y orientaciones no deseadas, favoreciendo la intimidad de las oficinas que vierten as\u00ed a un patio clim\u00e1tico al sur, protegido por ese cierre, con un microclima controlado de gran tradici\u00f3n en Andaluc\u00eda.<\/p>\n<\/div>\n","protected":false},"excerpt":{"rendered":"<p>Tesorer\u00eda de Sevilla. Sede territorial de la seguridad social. Responde y basa su dise\u00f1o en el an\u00e1lisis del entorno y en la adaptaci\u00f3n al mismo, tanto visual como bioclimaticamente. Escario Arquitectos.<\/p>\n","protected":false},"author":5,"featured_media":718,"comment_status":"closed","ping_status":"closed","sticky":false,"template":"","format":"standard","meta":{"ngg_post_thumbnail":0,"footnotes":""},"categories":[9,1],"tags":[],"_links":{"self":[{"href":"https:\/\/www.escarioarquitectos.com\/index.php?rest_route=\/wp\/v2\/posts\/127"}],"collection":[{"href":"https:\/\/www.escarioarquitectos.com\/index.php?rest_route=\/wp\/v2\/posts"}],"about":[{"href":"https:\/\/www.escarioarquitectos.com\/index.php?rest_route=\/wp\/v2\/types\/post"}],"author":[{"embeddable":true,"href":"https:\/\/www.escarioarquitectos.com\/index.php?rest_route=\/wp\/v2\/users\/5"}],"replies":[{"embeddable":true,"href":"https:\/\/www.escarioarquitectos.com\/index.php?rest_route=%2Fwp%2Fv2%2Fcomments&post=127"}],"version-history":[{"count":26,"href":"https:\/\/www.escarioarquitectos.com\/index.php?rest_route=\/wp\/v2\/posts\/127\/revisions"}],"predecessor-version":[{"id":1187,"href":"https:\/\/www.escarioarquitectos.com\/index.php?rest_route=\/wp\/v2\/posts\/127\/revisions\/1187"}],"wp:featuredmedia":[{"embeddable":true,"href":"https:\/\/www.escarioarquitectos.com\/index.php?rest_route=\/wp\/v2\/media\/718"}],"wp:attachment":[{"href":"https:\/\/www.escarioarquitectos.com\/index.php?rest_route=%2Fwp%2Fv2%2Fmedia&parent=127"}],"wp:term":[{"taxonomy":"category","embeddable":true,"href":"https:\/\/www.escarioarquitectos.com\/index.php?rest_route=%2Fwp%2Fv2%2Fcategories&post=127"},{"taxonomy":"post_tag","embeddable":true,"href":"https:\/\/www.escarioarquitectos.com\/index.php?rest_route=%2Fwp%2Fv2%2Ftags&post=127"}],"curies":[{"name":"wp","href":"https:\/\/api.w.org\/{rel}","templated":true}]}}