{"id":154,"date":"2012-08-30T18:10:21","date_gmt":"2012-08-30T18:10:21","guid":{"rendered":"https:\/\/www.escarioarquitectos.com\/?p=154"},"modified":"2013-05-06T10:26:29","modified_gmt":"2013-05-06T10:26:29","slug":"instituto-elche","status":"publish","type":"post","link":"https:\/\/www.escarioarquitectos.com\/?p=154","title":{"rendered":"instituto elche"},"content":{"rendered":"<!-- default-view.php -->\n<div\n\tclass=\"ngg-galleryoverview default-view \"\n\tid=\"ngg-gallery-e817c6563bc7a2eda151a095b90d97a7-1\">\n\n\t\t<!-- Thumbnails -->\n\t\t\t\t<div id=\"ngg-image-0\" class=\"ngg-gallery-thumbnail-box \" >\n\t\t\t\t        <div class=\"ngg-gallery-thumbnail\">\n            <a href=\"https:\/\/www.escarioarquitectos.com\/wp-content\/gallery\/elche\/s81-ieselchew1.jpg\"\n               title=\"\"\n               data-src=\"https:\/\/www.escarioarquitectos.com\/wp-content\/gallery\/elche\/s81-ieselchew1.jpg\"\n               data-thumbnail=\"https:\/\/www.escarioarquitectos.com\/wp-content\/gallery\/elche\/thumbs\/thumbs_s81-ieselchew1.jpg\"\n               data-image-id=\"232\"\n               data-title=\"s81-ieselchew1\"\n               data-description=\"\"\n               data-image-slug=\"s81-ieselchew1\"\n               class=\"ngg-simplelightbox\" rel=\"e817c6563bc7a2eda151a095b90d97a7\">\n                <img\n                    title=\"s81-ieselchew1\"\n                    alt=\"s81-ieselchew1\"\n                    src=\"https:\/\/www.escarioarquitectos.com\/wp-content\/gallery\/elche\/thumbs\/thumbs_s81-ieselchew1.jpg\"\n                    width=\"222\"\n                    height=\"143\"\n                    style=\"max-width:100%;\"\n                \/>\n            <\/a>\n        <\/div>\n\t\t\t\t\t\t\t<\/div> \n\t\t\t\n\t\t\t\t<div id=\"ngg-image-1\" class=\"ngg-gallery-thumbnail-box \" >\n\t\t\t\t        <div class=\"ngg-gallery-thumbnail\">\n            <a href=\"https:\/\/www.escarioarquitectos.com\/wp-content\/gallery\/elche\/s81-ieselchew10.jpg\"\n               title=\"\"\n               data-src=\"https:\/\/www.escarioarquitectos.com\/wp-content\/gallery\/elche\/s81-ieselchew10.jpg\"\n               data-thumbnail=\"https:\/\/www.escarioarquitectos.com\/wp-content\/gallery\/elche\/thumbs\/thumbs_s81-ieselchew10.jpg\"\n               data-image-id=\"233\"\n               data-title=\"s81-ieselchew10\"\n               data-description=\"\"\n               data-image-slug=\"s81-ieselchew10\"\n               class=\"ngg-simplelightbox\" rel=\"e817c6563bc7a2eda151a095b90d97a7\">\n                <img\n                    title=\"s81-ieselchew10\"\n                    alt=\"s81-ieselchew10\"\n                    src=\"https:\/\/www.escarioarquitectos.com\/wp-content\/gallery\/elche\/thumbs\/thumbs_s81-ieselchew10.jpg\"\n                    width=\"222\"\n                    height=\"143\"\n                    style=\"max-width:100%;\"\n                \/>\n            <\/a>\n        <\/div>\n\t\t\t\t\t\t\t<\/div> \n\t\t\t\n\t\t\t\t<div id=\"ngg-image-2\" class=\"ngg-gallery-thumbnail-box \" >\n\t\t\t\t        <div class=\"ngg-gallery-thumbnail\">\n            <a href=\"https:\/\/www.escarioarquitectos.com\/wp-content\/gallery\/elche\/s81-ieselchew11.jpg\"\n               title=\"\"\n               data-src=\"https:\/\/www.escarioarquitectos.com\/wp-content\/gallery\/elche\/s81-ieselchew11.jpg\"\n               data-thumbnail=\"https:\/\/www.escarioarquitectos.com\/wp-content\/gallery\/elche\/thumbs\/thumbs_s81-ieselchew11.jpg\"\n               data-image-id=\"234\"\n               data-title=\"s81-ieselchew11\"\n               data-description=\"\"\n               data-image-slug=\"s81-ieselchew11\"\n               class=\"ngg-simplelightbox\" rel=\"e817c6563bc7a2eda151a095b90d97a7\">\n                <img\n                    title=\"s81-ieselchew11\"\n                    alt=\"s81-ieselchew11\"\n                    src=\"https:\/\/www.escarioarquitectos.com\/wp-content\/gallery\/elche\/thumbs\/thumbs_s81-ieselchew11.jpg\"\n                    width=\"222\"\n                    height=\"143\"\n                    style=\"max-width:100%;\"\n                \/>\n            <\/a>\n        <\/div>\n\t\t\t\t\t\t\t<\/div> \n\t\t\t\n\t\t\t\t<div id=\"ngg-image-3\" class=\"ngg-gallery-thumbnail-box \" >\n\t\t\t\t        <div class=\"ngg-gallery-thumbnail\">\n            <a href=\"https:\/\/www.escarioarquitectos.com\/wp-content\/gallery\/elche\/s81-ieselchew12.jpg\"\n               title=\"\"\n               data-src=\"https:\/\/www.escarioarquitectos.com\/wp-content\/gallery\/elche\/s81-ieselchew12.jpg\"\n               data-thumbnail=\"https:\/\/www.escarioarquitectos.com\/wp-content\/gallery\/elche\/thumbs\/thumbs_s81-ieselchew12.jpg\"\n               data-image-id=\"235\"\n               data-title=\"s81-ieselchew12\"\n               data-description=\"\"\n               data-image-slug=\"s81-ieselchew12\"\n               class=\"ngg-simplelightbox\" rel=\"e817c6563bc7a2eda151a095b90d97a7\">\n                <img\n                    title=\"s81-ieselchew12\"\n                    alt=\"s81-ieselchew12\"\n                    src=\"https:\/\/www.escarioarquitectos.com\/wp-content\/gallery\/elche\/thumbs\/thumbs_s81-ieselchew12.jpg\"\n                    width=\"222\"\n                    height=\"143\"\n                    style=\"max-width:100%;\"\n                \/>\n            <\/a>\n        <\/div>\n\t\t\t\t\t\t\t<\/div> \n\t\t\t\n\t\t\t\t<div id=\"ngg-image-4\" class=\"ngg-gallery-thumbnail-box \" >\n\t\t\t\t        <div class=\"ngg-gallery-thumbnail\">\n            <a href=\"https:\/\/www.escarioarquitectos.com\/wp-content\/gallery\/elche\/s81-ieselchew2.jpg\"\n               title=\"\"\n               data-src=\"https:\/\/www.escarioarquitectos.com\/wp-content\/gallery\/elche\/s81-ieselchew2.jpg\"\n               data-thumbnail=\"https:\/\/www.escarioarquitectos.com\/wp-content\/gallery\/elche\/thumbs\/thumbs_s81-ieselchew2.jpg\"\n               data-image-id=\"236\"\n               data-title=\"s81-ieselchew2\"\n               data-description=\"\"\n               data-image-slug=\"s81-ieselchew2\"\n               class=\"ngg-simplelightbox\" rel=\"e817c6563bc7a2eda151a095b90d97a7\">\n                <img\n                    title=\"s81-ieselchew2\"\n                    alt=\"s81-ieselchew2\"\n                    src=\"https:\/\/www.escarioarquitectos.com\/wp-content\/gallery\/elche\/thumbs\/thumbs_s81-ieselchew2.jpg\"\n                    width=\"222\"\n                    height=\"143\"\n                    style=\"max-width:100%;\"\n                \/>\n            <\/a>\n        <\/div>\n\t\t\t\t\t\t\t<\/div> \n\t\t\t\n\t\t\t\t<div id=\"ngg-image-5\" class=\"ngg-gallery-thumbnail-box \" >\n\t\t\t\t        <div class=\"ngg-gallery-thumbnail\">\n            <a href=\"https:\/\/www.escarioarquitectos.com\/wp-content\/gallery\/elche\/s81-ieselchew3.jpg\"\n               title=\"\"\n               data-src=\"https:\/\/www.escarioarquitectos.com\/wp-content\/gallery\/elche\/s81-ieselchew3.jpg\"\n               data-thumbnail=\"https:\/\/www.escarioarquitectos.com\/wp-content\/gallery\/elche\/thumbs\/thumbs_s81-ieselchew3.jpg\"\n               data-image-id=\"237\"\n               data-title=\"s81-ieselchew3\"\n               data-description=\"\"\n               data-image-slug=\"s81-ieselchew3\"\n               class=\"ngg-simplelightbox\" rel=\"e817c6563bc7a2eda151a095b90d97a7\">\n                <img\n                    title=\"s81-ieselchew3\"\n                    alt=\"s81-ieselchew3\"\n                    src=\"https:\/\/www.escarioarquitectos.com\/wp-content\/gallery\/elche\/thumbs\/thumbs_s81-ieselchew3.jpg\"\n                    width=\"222\"\n                    height=\"143\"\n                    style=\"max-width:100%;\"\n                \/>\n            <\/a>\n        <\/div>\n\t\t\t\t\t\t\t<\/div> \n\t\t\t\n\t\t\t\t<div id=\"ngg-image-6\" class=\"ngg-gallery-thumbnail-box \" >\n\t\t\t\t        <div class=\"ngg-gallery-thumbnail\">\n            <a href=\"https:\/\/www.escarioarquitectos.com\/wp-content\/gallery\/elche\/s81-ieselchew4.jpg\"\n               title=\"\"\n               data-src=\"https:\/\/www.escarioarquitectos.com\/wp-content\/gallery\/elche\/s81-ieselchew4.jpg\"\n               data-thumbnail=\"https:\/\/www.escarioarquitectos.com\/wp-content\/gallery\/elche\/thumbs\/thumbs_s81-ieselchew4.jpg\"\n               data-image-id=\"238\"\n               data-title=\"s81-ieselchew4\"\n               data-description=\"\"\n               data-image-slug=\"s81-ieselchew4\"\n               class=\"ngg-simplelightbox\" rel=\"e817c6563bc7a2eda151a095b90d97a7\">\n                <img\n                    title=\"s81-ieselchew4\"\n                    alt=\"s81-ieselchew4\"\n                    src=\"https:\/\/www.escarioarquitectos.com\/wp-content\/gallery\/elche\/thumbs\/thumbs_s81-ieselchew4.jpg\"\n                    width=\"222\"\n                    height=\"143\"\n                    style=\"max-width:100%;\"\n                \/>\n            <\/a>\n        <\/div>\n\t\t\t\t\t\t\t<\/div> \n\t\t\t\n\t\t\t\t<div id=\"ngg-image-7\" class=\"ngg-gallery-thumbnail-box \" >\n\t\t\t\t        <div class=\"ngg-gallery-thumbnail\">\n            <a href=\"https:\/\/www.escarioarquitectos.com\/wp-content\/gallery\/elche\/s81-ieselchew5.jpg\"\n               title=\"\"\n               data-src=\"https:\/\/www.escarioarquitectos.com\/wp-content\/gallery\/elche\/s81-ieselchew5.jpg\"\n               data-thumbnail=\"https:\/\/www.escarioarquitectos.com\/wp-content\/gallery\/elche\/thumbs\/thumbs_s81-ieselchew5.jpg\"\n               data-image-id=\"239\"\n               data-title=\"s81-ieselchew5\"\n               data-description=\"\"\n               data-image-slug=\"s81-ieselchew5\"\n               class=\"ngg-simplelightbox\" rel=\"e817c6563bc7a2eda151a095b90d97a7\">\n                <img\n                    title=\"s81-ieselchew5\"\n                    alt=\"s81-ieselchew5\"\n                    src=\"https:\/\/www.escarioarquitectos.com\/wp-content\/gallery\/elche\/thumbs\/thumbs_s81-ieselchew5.jpg\"\n                    width=\"222\"\n                    height=\"143\"\n                    style=\"max-width:100%;\"\n                \/>\n            <\/a>\n        <\/div>\n\t\t\t\t\t\t\t<\/div> \n\t\t\t\n\t\t\t\t<div id=\"ngg-image-8\" class=\"ngg-gallery-thumbnail-box \" >\n\t\t\t\t        <div class=\"ngg-gallery-thumbnail\">\n            <a href=\"https:\/\/www.escarioarquitectos.com\/wp-content\/gallery\/elche\/s81-ieselchew6.jpg\"\n               title=\"\"\n               data-src=\"https:\/\/www.escarioarquitectos.com\/wp-content\/gallery\/elche\/s81-ieselchew6.jpg\"\n               data-thumbnail=\"https:\/\/www.escarioarquitectos.com\/wp-content\/gallery\/elche\/thumbs\/thumbs_s81-ieselchew6.jpg\"\n               data-image-id=\"240\"\n               data-title=\"s81-ieselchew6\"\n               data-description=\"\"\n               data-image-slug=\"s81-ieselchew6\"\n               class=\"ngg-simplelightbox\" rel=\"e817c6563bc7a2eda151a095b90d97a7\">\n                <img\n                    title=\"s81-ieselchew6\"\n                    alt=\"s81-ieselchew6\"\n                    src=\"https:\/\/www.escarioarquitectos.com\/wp-content\/gallery\/elche\/thumbs\/thumbs_s81-ieselchew6.jpg\"\n                    width=\"222\"\n                    height=\"143\"\n                    style=\"max-width:100%;\"\n                \/>\n            <\/a>\n        <\/div>\n\t\t\t\t\t\t\t<\/div> \n\t\t\t\n\t\t\t\t<div id=\"ngg-image-9\" class=\"ngg-gallery-thumbnail-box \" >\n\t\t\t\t        <div class=\"ngg-gallery-thumbnail\">\n            <a href=\"https:\/\/www.escarioarquitectos.com\/wp-content\/gallery\/elche\/s81-ieselchew7.jpg\"\n               title=\"\"\n               data-src=\"https:\/\/www.escarioarquitectos.com\/wp-content\/gallery\/elche\/s81-ieselchew7.jpg\"\n               data-thumbnail=\"https:\/\/www.escarioarquitectos.com\/wp-content\/gallery\/elche\/thumbs\/thumbs_s81-ieselchew7.jpg\"\n               data-image-id=\"241\"\n               data-title=\"s81-ieselchew7\"\n               data-description=\"\"\n               data-image-slug=\"s81-ieselchew7\"\n               class=\"ngg-simplelightbox\" rel=\"e817c6563bc7a2eda151a095b90d97a7\">\n                <img\n                    title=\"s81-ieselchew7\"\n                    alt=\"s81-ieselchew7\"\n                    src=\"https:\/\/www.escarioarquitectos.com\/wp-content\/gallery\/elche\/thumbs\/thumbs_s81-ieselchew7.jpg\"\n                    width=\"222\"\n                    height=\"143\"\n                    style=\"max-width:100%;\"\n                \/>\n            <\/a>\n        <\/div>\n\t\t\t\t\t\t\t<\/div> \n\t\t\t\n\t\t\t\t<div id=\"ngg-image-10\" class=\"ngg-gallery-thumbnail-box \" >\n\t\t\t\t        <div class=\"ngg-gallery-thumbnail\">\n            <a href=\"https:\/\/www.escarioarquitectos.com\/wp-content\/gallery\/elche\/s81-ieselchew8.jpg\"\n               title=\"\"\n               data-src=\"https:\/\/www.escarioarquitectos.com\/wp-content\/gallery\/elche\/s81-ieselchew8.jpg\"\n               data-thumbnail=\"https:\/\/www.escarioarquitectos.com\/wp-content\/gallery\/elche\/thumbs\/thumbs_s81-ieselchew8.jpg\"\n               data-image-id=\"242\"\n               data-title=\"s81-ieselchew8\"\n               data-description=\"\"\n               data-image-slug=\"s81-ieselchew8\"\n               class=\"ngg-simplelightbox\" rel=\"e817c6563bc7a2eda151a095b90d97a7\">\n                <img\n                    title=\"s81-ieselchew8\"\n                    alt=\"s81-ieselchew8\"\n                    src=\"https:\/\/www.escarioarquitectos.com\/wp-content\/gallery\/elche\/thumbs\/thumbs_s81-ieselchew8.jpg\"\n                    width=\"222\"\n                    height=\"143\"\n                    style=\"max-width:100%;\"\n                \/>\n            <\/a>\n        <\/div>\n\t\t\t\t\t\t\t<\/div> \n\t\t\t\n\t\t\t\t<div id=\"ngg-image-11\" class=\"ngg-gallery-thumbnail-box \" >\n\t\t\t\t        <div class=\"ngg-gallery-thumbnail\">\n            <a href=\"https:\/\/www.escarioarquitectos.com\/wp-content\/gallery\/elche\/s81-ieselchew9.jpg\"\n               title=\"\"\n               data-src=\"https:\/\/www.escarioarquitectos.com\/wp-content\/gallery\/elche\/s81-ieselchew9.jpg\"\n               data-thumbnail=\"https:\/\/www.escarioarquitectos.com\/wp-content\/gallery\/elche\/thumbs\/thumbs_s81-ieselchew9.jpg\"\n               data-image-id=\"243\"\n               data-title=\"s81-ieselchew9\"\n               data-description=\"\"\n               data-image-slug=\"s81-ieselchew9\"\n               class=\"ngg-simplelightbox\" rel=\"e817c6563bc7a2eda151a095b90d97a7\">\n                <img\n                    title=\"s81-ieselchew9\"\n                    alt=\"s81-ieselchew9\"\n                    src=\"https:\/\/www.escarioarquitectos.com\/wp-content\/gallery\/elche\/thumbs\/thumbs_s81-ieselchew9.jpg\"\n                    width=\"222\"\n                    height=\"143\"\n                    style=\"max-width:100%;\"\n                \/>\n            <\/a>\n        <\/div>\n\t\t\t\t\t\t\t<\/div> \n\t\t\t\n\t\n\t<br style=\"clear: both\" \/>\n\n\t\n\t\t<!-- Pagination -->\n\t<div class='ngg-clear'><\/div>\t<\/div>\n\n<p>UN CENTRO DOCENTE PROYECTADO CON CRITERIOS DE SOSTENIBILIDAD, ACCESIBILIDAD Y EFICIENCIA EN TODOS SUS ASPECTOS<\/p>\n<div>El objeto de este proyecto es dotar a Elche de un nuevo y actualizado Instituto de Educaci\u00f3n Secundaria, para lo que se reutiliza un bloque existente y se construye un complejo docente moderno y eficiente. Los materiales de acabados se proyectan bajo la premisa de requerir un bajo mantenimiento. La fachada se compone de un prefabricado de hormig\u00f3n, haciendo innecesario el habitual proceso de pintado y repintado por mantenimiento. Los elementos de urbanizaci\u00f3n, de hormig\u00f3n y mamposter\u00eda de piedra natural siguen este mismo concepto, as\u00ed como los acabados interiores, con acabados en azulejo cer\u00e1mico y suelos resistentes que minimizan el mantenimiento. Las instalaciones, cuando es t\u00e9cnicamente posible son vistas o f\u00e1cilmente accesibles,\u00a0facilitando\u00a0el acceso para su mantenimiento o actualizaci\u00f3n seg\u00fan las necesidades.<\/div>\n<div>A pesar de los desniveles naturales del terreno se proyecta un sistema de rampas que, acompa\u00f1ando a las escaleras, dotan al conjunto de\u00a0una accesibilidad total.<\/div>\n<div><\/div>\n","protected":false},"excerpt":{"rendered":"<p>El objeto de este proyecto es dotar a Elche de un nuevo y actualizado Instituto de Educaci\u00f3n Secundaria, para lo que se reutiliza un bloque existente y se construye un complejo docente moderno y eficiente. Escario Arquitectos.<\/p>\n","protected":false},"author":5,"featured_media":707,"comment_status":"closed","ping_status":"closed","sticky":false,"template":"","format":"standard","meta":{"ngg_post_thumbnail":0,"footnotes":""},"categories":[8,1],"tags":[],"_links":{"self":[{"href":"https:\/\/www.escarioarquitectos.com\/index.php?rest_route=\/wp\/v2\/posts\/154"}],"collection":[{"href":"https:\/\/www.escarioarquitectos.com\/index.php?rest_route=\/wp\/v2\/posts"}],"about":[{"href":"https:\/\/www.escarioarquitectos.com\/index.php?rest_route=\/wp\/v2\/types\/post"}],"author":[{"embeddable":true,"href":"https:\/\/www.escarioarquitectos.com\/index.php?rest_route=\/wp\/v2\/users\/5"}],"replies":[{"embeddable":true,"href":"https:\/\/www.escarioarquitectos.com\/index.php?rest_route=%2Fwp%2Fv2%2Fcomments&post=154"}],"version-history":[{"count":28,"href":"https:\/\/www.escarioarquitectos.com\/index.php?rest_route=\/wp\/v2\/posts\/154\/revisions"}],"predecessor-version":[{"id":1192,"href":"https:\/\/www.escarioarquitectos.com\/index.php?rest_route=\/wp\/v2\/posts\/154\/revisions\/1192"}],"wp:featuredmedia":[{"embeddable":true,"href":"https:\/\/www.escarioarquitectos.com\/index.php?rest_route=\/wp\/v2\/media\/707"}],"wp:attachment":[{"href":"https:\/\/www.escarioarquitectos.com\/index.php?rest_route=%2Fwp%2Fv2%2Fmedia&parent=154"}],"wp:term":[{"taxonomy":"category","embeddable":true,"href":"https:\/\/www.escarioarquitectos.com\/index.php?rest_route=%2Fwp%2Fv2%2Fcategories&post=154"},{"taxonomy":"post_tag","embeddable":true,"href":"https:\/\/www.escarioarquitectos.com\/index.php?rest_route=%2Fwp%2Fv2%2Ftags&post=154"}],"curies":[{"name":"wp","href":"https:\/\/api.w.org\/{rel}","templated":true}]}}