{"id":603,"date":"2011-09-05T11:46:39","date_gmt":"2011-09-05T11:46:39","guid":{"rendered":"https:\/\/www.escarioarquitectos.com\/?p=603"},"modified":"2013-05-07T14:44:46","modified_gmt":"2013-05-07T14:44:46","slug":"603","status":"publish","type":"post","link":"https:\/\/www.escarioarquitectos.com\/?p=603","title":{"rendered":"remodelaci\u00f3n acceso metro plaza val\u00e8ncia"},"content":{"rendered":"<p style=\"text-align: justify;\"><!-- default-view.php -->\n<div\n\tclass=\"ngg-galleryoverview default-view \"\n\tid=\"ngg-gallery-899ec7d91458a77fe22f1f9d75a65f39-1\">\n\n\t\t<!-- Thumbnails -->\n\t\t\t\t<div id=\"ngg-image-0\" class=\"ngg-gallery-thumbnail-box \" >\n\t\t\t\t        <div class=\"ngg-gallery-thumbnail\">\n            <a href=\"https:\/\/www.escarioarquitectos.com\/wp-content\/gallery\/metroplaza\/u78-metroplazaw01.jpg\"\n               title=\"\"\n               data-src=\"https:\/\/www.escarioarquitectos.com\/wp-content\/gallery\/metroplaza\/u78-metroplazaw01.jpg\"\n               data-thumbnail=\"https:\/\/www.escarioarquitectos.com\/wp-content\/gallery\/metroplaza\/thumbs\/thumbs_u78-metroplazaw01.jpg\"\n               data-image-id=\"564\"\n               data-title=\"u78-metroplazaw01\"\n               data-description=\"\"\n               data-image-slug=\"u78-metroplazaw01\"\n               class=\"ngg-simplelightbox\" rel=\"899ec7d91458a77fe22f1f9d75a65f39\">\n                <img\n                    title=\"u78-metroplazaw01\"\n                    alt=\"u78-metroplazaw01\"\n                    src=\"https:\/\/www.escarioarquitectos.com\/wp-content\/gallery\/metroplaza\/thumbs\/thumbs_u78-metroplazaw01.jpg\"\n                    width=\"222\"\n                    height=\"143\"\n                    style=\"max-width:100%;\"\n                \/>\n            <\/a>\n        <\/div>\n\t\t\t\t\t\t\t<\/div> \n\t\t\t\n\t\t\t\t<div id=\"ngg-image-1\" class=\"ngg-gallery-thumbnail-box \" >\n\t\t\t\t        <div class=\"ngg-gallery-thumbnail\">\n            <a href=\"https:\/\/www.escarioarquitectos.com\/wp-content\/gallery\/metroplaza\/u78-metroplazaw02.jpg\"\n               title=\"\"\n               data-src=\"https:\/\/www.escarioarquitectos.com\/wp-content\/gallery\/metroplaza\/u78-metroplazaw02.jpg\"\n               data-thumbnail=\"https:\/\/www.escarioarquitectos.com\/wp-content\/gallery\/metroplaza\/thumbs\/thumbs_u78-metroplazaw02.jpg\"\n               data-image-id=\"565\"\n               data-title=\"u78-metroplazaw02\"\n               data-description=\"\"\n               data-image-slug=\"u78-metroplazaw02\"\n               class=\"ngg-simplelightbox\" rel=\"899ec7d91458a77fe22f1f9d75a65f39\">\n                <img\n                    title=\"u78-metroplazaw02\"\n                    alt=\"u78-metroplazaw02\"\n                    src=\"https:\/\/www.escarioarquitectos.com\/wp-content\/gallery\/metroplaza\/thumbs\/thumbs_u78-metroplazaw02.jpg\"\n                    width=\"222\"\n                    height=\"143\"\n                    style=\"max-width:100%;\"\n                \/>\n            <\/a>\n        <\/div>\n\t\t\t\t\t\t\t<\/div> \n\t\t\t\n\t\t\t\t<div id=\"ngg-image-2\" class=\"ngg-gallery-thumbnail-box \" >\n\t\t\t\t        <div class=\"ngg-gallery-thumbnail\">\n            <a href=\"https:\/\/www.escarioarquitectos.com\/wp-content\/gallery\/metroplaza\/u78-metroplazaw03.jpg\"\n               title=\"\"\n               data-src=\"https:\/\/www.escarioarquitectos.com\/wp-content\/gallery\/metroplaza\/u78-metroplazaw03.jpg\"\n               data-thumbnail=\"https:\/\/www.escarioarquitectos.com\/wp-content\/gallery\/metroplaza\/thumbs\/thumbs_u78-metroplazaw03.jpg\"\n               data-image-id=\"566\"\n               data-title=\"u78-metroplazaw03\"\n               data-description=\"\"\n               data-image-slug=\"u78-metroplazaw03\"\n               class=\"ngg-simplelightbox\" rel=\"899ec7d91458a77fe22f1f9d75a65f39\">\n                <img\n                    title=\"u78-metroplazaw03\"\n                    alt=\"u78-metroplazaw03\"\n                    src=\"https:\/\/www.escarioarquitectos.com\/wp-content\/gallery\/metroplaza\/thumbs\/thumbs_u78-metroplazaw03.jpg\"\n                    width=\"222\"\n                    height=\"143\"\n                    style=\"max-width:100%;\"\n                \/>\n            <\/a>\n        <\/div>\n\t\t\t\t\t\t\t<\/div> \n\t\t\t\n\t\t\t\t<div id=\"ngg-image-3\" class=\"ngg-gallery-thumbnail-box \" >\n\t\t\t\t        <div class=\"ngg-gallery-thumbnail\">\n            <a href=\"https:\/\/www.escarioarquitectos.com\/wp-content\/gallery\/metroplaza\/u78-metroplazaw04.jpg\"\n               title=\"\"\n               data-src=\"https:\/\/www.escarioarquitectos.com\/wp-content\/gallery\/metroplaza\/u78-metroplazaw04.jpg\"\n               data-thumbnail=\"https:\/\/www.escarioarquitectos.com\/wp-content\/gallery\/metroplaza\/thumbs\/thumbs_u78-metroplazaw04.jpg\"\n               data-image-id=\"567\"\n               data-title=\"u78-metroplazaw04\"\n               data-description=\"\"\n               data-image-slug=\"u78-metroplazaw04\"\n               class=\"ngg-simplelightbox\" rel=\"899ec7d91458a77fe22f1f9d75a65f39\">\n                <img\n                    title=\"u78-metroplazaw04\"\n                    alt=\"u78-metroplazaw04\"\n                    src=\"https:\/\/www.escarioarquitectos.com\/wp-content\/gallery\/metroplaza\/thumbs\/thumbs_u78-metroplazaw04.jpg\"\n                    width=\"222\"\n                    height=\"143\"\n                    style=\"max-width:100%;\"\n                \/>\n            <\/a>\n        <\/div>\n\t\t\t\t\t\t\t<\/div> \n\t\t\t\n\t\n\t<br style=\"clear: both\" \/>\n\n\t\n\t\t<!-- Pagination -->\n\t<div class='ngg-clear'><\/div>\t<\/div>\n<\/p>\n<p style=\"text-align: justify;\">UNO DE LOS ACCESOS M\u00c1S ANTIGUOS Y SIGNIFICATIVOS AL METRO DE LA CIUDAD MODERNIZADO, HECHO ACCESIBLE Y CONVERTIDO EN SOPORTE ART\u00cdSTICO<\/p>\n<p style=\"text-align: justify;\">La actuaci\u00f3n se centra en la remodelaci\u00f3n del este significativo acceso a la l\u00ednea de metro decana de Valencia.<br \/>\nEl grueso del proyecto consiste en la instalaci\u00f3n de un ascensor que dote de accesibilidad al conjunto, facilitando la circulaci\u00f3n de personas con movilidad reducida. El proyecto propone un hito urbano que reclama su espacio propio y que atrae la atenci\u00f3n hacia s\u00ed mismo, facilitando su identificaci\u00f3n por parte del usuario. Lejos de ser un mero \u00fatil urbano, este acceso se propone como un espacio cultural en si mismo con\u00adtando con superficies de car\u00e1cter escultural y que sirven como soporte art\u00edstico para un mural multicolor que recoge el trazado moderno del metro de la ciudad.<\/p>\n","protected":false},"excerpt":{"rendered":"<p>Metro plaza Val\u00e8ncia. Uno de los accesos m\u00e1s antiguos y significativos al metro de la ciudad modernizado, hecho accesible y convertido en soporte art\u00edstico. Escario Arquitectos<\/p>\n","protected":false},"author":5,"featured_media":838,"comment_status":"closed","ping_status":"closed","sticky":false,"template":"","format":"standard","meta":{"ngg_post_thumbnail":0,"footnotes":""},"categories":[2,1],"tags":[],"_links":{"self":[{"href":"https:\/\/www.escarioarquitectos.com\/index.php?rest_route=\/wp\/v2\/posts\/603"}],"collection":[{"href":"https:\/\/www.escarioarquitectos.com\/index.php?rest_route=\/wp\/v2\/posts"}],"about":[{"href":"https:\/\/www.escarioarquitectos.com\/index.php?rest_route=\/wp\/v2\/types\/post"}],"author":[{"embeddable":true,"href":"https:\/\/www.escarioarquitectos.com\/index.php?rest_route=\/wp\/v2\/users\/5"}],"replies":[{"embeddable":true,"href":"https:\/\/www.escarioarquitectos.com\/index.php?rest_route=%2Fwp%2Fv2%2Fcomments&post=603"}],"version-history":[{"count":11,"href":"https:\/\/www.escarioarquitectos.com\/index.php?rest_route=\/wp\/v2\/posts\/603\/revisions"}],"predecessor-version":[{"id":1220,"href":"https:\/\/www.escarioarquitectos.com\/index.php?rest_route=\/wp\/v2\/posts\/603\/revisions\/1220"}],"wp:featuredmedia":[{"embeddable":true,"href":"https:\/\/www.escarioarquitectos.com\/index.php?rest_route=\/wp\/v2\/media\/838"}],"wp:attachment":[{"href":"https:\/\/www.escarioarquitectos.com\/index.php?rest_route=%2Fwp%2Fv2%2Fmedia&parent=603"}],"wp:term":[{"taxonomy":"category","embeddable":true,"href":"https:\/\/www.escarioarquitectos.com\/index.php?rest_route=%2Fwp%2Fv2%2Fcategories&post=603"},{"taxonomy":"post_tag","embeddable":true,"href":"https:\/\/www.escarioarquitectos.com\/index.php?rest_route=%2Fwp%2Fv2%2Ftags&post=603"}],"curies":[{"name":"wp","href":"https:\/\/api.w.org\/{rel}","templated":true}]}}