{"id":607,"date":"2011-08-06T11:11:15","date_gmt":"2011-08-06T11:11:15","guid":{"rendered":"https:\/\/www.escarioarquitectos.com\/?p=607"},"modified":"2013-05-07T14:44:21","modified_gmt":"2013-05-07T14:44:21","slug":"rehabilitacion-iglesia-domincos","status":"publish","type":"post","link":"https:\/\/www.escarioarquitectos.com\/?p=607","title":{"rendered":"rehabilitaci\u00f3n iglesia domincos"},"content":{"rendered":"<!-- default-view.php -->\n<div\n\tclass=\"ngg-galleryoverview default-view \"\n\tid=\"ngg-gallery-b1bdb081129067cb5af56b9c6d9ece7a-1\">\n\n\t\t<!-- Thumbnails -->\n\t\t\t\t<div id=\"ngg-image-0\" class=\"ngg-gallery-thumbnail-box \" >\n\t\t\t\t        <div class=\"ngg-gallery-thumbnail\">\n            <a href=\"https:\/\/www.escarioarquitectos.com\/wp-content\/gallery\/dominicos\/u18-dominicosw01.jpg\"\n               title=\"\"\n               data-src=\"https:\/\/www.escarioarquitectos.com\/wp-content\/gallery\/dominicos\/u18-dominicosw01.jpg\"\n               data-thumbnail=\"https:\/\/www.escarioarquitectos.com\/wp-content\/gallery\/dominicos\/thumbs\/thumbs_u18-dominicosw01.jpg\"\n               data-image-id=\"568\"\n               data-title=\"u18-dominicosw01\"\n               data-description=\"\"\n               data-image-slug=\"u18-dominicosw01\"\n               class=\"ngg-simplelightbox\" rel=\"b1bdb081129067cb5af56b9c6d9ece7a\">\n                <img\n                    title=\"u18-dominicosw01\"\n                    alt=\"u18-dominicosw01\"\n                    src=\"https:\/\/www.escarioarquitectos.com\/wp-content\/gallery\/dominicos\/thumbs\/thumbs_u18-dominicosw01.jpg\"\n                    width=\"222\"\n                    height=\"143\"\n                    style=\"max-width:100%;\"\n                \/>\n            <\/a>\n        <\/div>\n\t\t\t\t\t\t\t<\/div> \n\t\t\t\n\t\t\t\t<div id=\"ngg-image-1\" class=\"ngg-gallery-thumbnail-box \" >\n\t\t\t\t        <div class=\"ngg-gallery-thumbnail\">\n            <a href=\"https:\/\/www.escarioarquitectos.com\/wp-content\/gallery\/dominicos\/u18-dominicosw02.jpg\"\n               title=\"\"\n               data-src=\"https:\/\/www.escarioarquitectos.com\/wp-content\/gallery\/dominicos\/u18-dominicosw02.jpg\"\n               data-thumbnail=\"https:\/\/www.escarioarquitectos.com\/wp-content\/gallery\/dominicos\/thumbs\/thumbs_u18-dominicosw02.jpg\"\n               data-image-id=\"569\"\n               data-title=\"u18-dominicosw02\"\n               data-description=\"\"\n               data-image-slug=\"u18-dominicosw02\"\n               class=\"ngg-simplelightbox\" rel=\"b1bdb081129067cb5af56b9c6d9ece7a\">\n                <img\n                    title=\"u18-dominicosw02\"\n                    alt=\"u18-dominicosw02\"\n                    src=\"https:\/\/www.escarioarquitectos.com\/wp-content\/gallery\/dominicos\/thumbs\/thumbs_u18-dominicosw02.jpg\"\n                    width=\"222\"\n                    height=\"143\"\n                    style=\"max-width:100%;\"\n                \/>\n            <\/a>\n        <\/div>\n\t\t\t\t\t\t\t<\/div> \n\t\t\t\n\t\t\t\t<div id=\"ngg-image-2\" class=\"ngg-gallery-thumbnail-box \" >\n\t\t\t\t        <div class=\"ngg-gallery-thumbnail\">\n            <a href=\"https:\/\/www.escarioarquitectos.com\/wp-content\/gallery\/dominicos\/u18-dominicosw03.jpg\"\n               title=\"\"\n               data-src=\"https:\/\/www.escarioarquitectos.com\/wp-content\/gallery\/dominicos\/u18-dominicosw03.jpg\"\n               data-thumbnail=\"https:\/\/www.escarioarquitectos.com\/wp-content\/gallery\/dominicos\/thumbs\/thumbs_u18-dominicosw03.jpg\"\n               data-image-id=\"570\"\n               data-title=\"u18-dominicosw03\"\n               data-description=\"\"\n               data-image-slug=\"u18-dominicosw03\"\n               class=\"ngg-simplelightbox\" rel=\"b1bdb081129067cb5af56b9c6d9ece7a\">\n                <img\n                    title=\"u18-dominicosw03\"\n                    alt=\"u18-dominicosw03\"\n                    src=\"https:\/\/www.escarioarquitectos.com\/wp-content\/gallery\/dominicos\/thumbs\/thumbs_u18-dominicosw03.jpg\"\n                    width=\"222\"\n                    height=\"143\"\n                    style=\"max-width:100%;\"\n                \/>\n            <\/a>\n        <\/div>\n\t\t\t\t\t\t\t<\/div> \n\t\t\t\n\t\t\t\t<div id=\"ngg-image-3\" class=\"ngg-gallery-thumbnail-box \" >\n\t\t\t\t        <div class=\"ngg-gallery-thumbnail\">\n            <a href=\"https:\/\/www.escarioarquitectos.com\/wp-content\/gallery\/dominicos\/u18-dominicosw04.jpg\"\n               title=\"\"\n               data-src=\"https:\/\/www.escarioarquitectos.com\/wp-content\/gallery\/dominicos\/u18-dominicosw04.jpg\"\n               data-thumbnail=\"https:\/\/www.escarioarquitectos.com\/wp-content\/gallery\/dominicos\/thumbs\/thumbs_u18-dominicosw04.jpg\"\n               data-image-id=\"571\"\n               data-title=\"u18-dominicosw04\"\n               data-description=\"\"\n               data-image-slug=\"u18-dominicosw04\"\n               class=\"ngg-simplelightbox\" rel=\"b1bdb081129067cb5af56b9c6d9ece7a\">\n                <img\n                    title=\"u18-dominicosw04\"\n                    alt=\"u18-dominicosw04\"\n                    src=\"https:\/\/www.escarioarquitectos.com\/wp-content\/gallery\/dominicos\/thumbs\/thumbs_u18-dominicosw04.jpg\"\n                    width=\"222\"\n                    height=\"143\"\n                    style=\"max-width:100%;\"\n                \/>\n            <\/a>\n        <\/div>\n\t\t\t\t\t\t\t<\/div> \n\t\t\t\n\t\n\t<br style=\"clear: both\" \/>\n\n\t\n\t\t<!-- Pagination -->\n\t<div class='ngg-clear'><\/div>\t<\/div>\n\n<p>UNA ACTUACI\u00d3N CONSOLIDA ESTA IMPORTANTE BAS\u00cdLICA Y LE RESTITUYE EL ESPLENDOR PERDIDO POR EL PASO DEL TIEMPO RESPETANDO LA NATURALEZA DE CADA UNO DE LOS ELEMENTOS.<\/p>\n<p>El proyecto de rehabilitaci\u00f3n de la Bas\u00edlica San Vicente Ferrer, consiste principalmente en la sustituci\u00f3n de los pin\u00e1culos de ambas torres, colocando una nueva estructura de acero inoxidable y restituyendo todas las piezas decorativas. Dentro de un marco integral de rehabilitaci\u00f3n de la Bas\u00edlica se act\u00faa en diversos elementos decorativos, como los ventanales emplomados; las hornacinas de la fachada, que se reconstruyen; la barandilla del cimborrio, que se repara y limpia. Asimismo tambi\u00e9n se acomete la limpieza de la fachada. Todas estas actuaciones se llevan a cabo con el mayor respeto al patrimonio anterior, restituy\u00e9ndolO a su estado original sin modificar sustancialmente su naturaleza.<\/p>\n","protected":false},"excerpt":{"rendered":"<p>Una actuaci\u00f3n consolida esta importante bas\u00edlica y le restituye el esplendor perdido por el paso del tiempo respetando la naturaleza de cada uno de los elementos. Escario Arquitectos<\/p>\n","protected":false},"author":5,"featured_media":841,"comment_status":"closed","ping_status":"closed","sticky":false,"template":"","format":"standard","meta":{"ngg_post_thumbnail":0,"footnotes":""},"categories":[1,48],"tags":[],"_links":{"self":[{"href":"https:\/\/www.escarioarquitectos.com\/index.php?rest_route=\/wp\/v2\/posts\/607"}],"collection":[{"href":"https:\/\/www.escarioarquitectos.com\/index.php?rest_route=\/wp\/v2\/posts"}],"about":[{"href":"https:\/\/www.escarioarquitectos.com\/index.php?rest_route=\/wp\/v2\/types\/post"}],"author":[{"embeddable":true,"href":"https:\/\/www.escarioarquitectos.com\/index.php?rest_route=\/wp\/v2\/users\/5"}],"replies":[{"embeddable":true,"href":"https:\/\/www.escarioarquitectos.com\/index.php?rest_route=%2Fwp%2Fv2%2Fcomments&post=607"}],"version-history":[{"count":7,"href":"https:\/\/www.escarioarquitectos.com\/index.php?rest_route=\/wp\/v2\/posts\/607\/revisions"}],"predecessor-version":[{"id":1218,"href":"https:\/\/www.escarioarquitectos.com\/index.php?rest_route=\/wp\/v2\/posts\/607\/revisions\/1218"}],"wp:featuredmedia":[{"embeddable":true,"href":"https:\/\/www.escarioarquitectos.com\/index.php?rest_route=\/wp\/v2\/media\/841"}],"wp:attachment":[{"href":"https:\/\/www.escarioarquitectos.com\/index.php?rest_route=%2Fwp%2Fv2%2Fmedia&parent=607"}],"wp:term":[{"taxonomy":"category","embeddable":true,"href":"https:\/\/www.escarioarquitectos.com\/index.php?rest_route=%2Fwp%2Fv2%2Fcategories&post=607"},{"taxonomy":"post_tag","embeddable":true,"href":"https:\/\/www.escarioarquitectos.com\/index.php?rest_route=%2Fwp%2Fv2%2Ftags&post=607"}],"curies":[{"name":"wp","href":"https:\/\/api.w.org\/{rel}","templated":true}]}}