{"id":611,"date":"2011-06-06T11:18:58","date_gmt":"2011-06-06T11:18:58","guid":{"rendered":"https:\/\/www.escarioarquitectos.com\/?p=611"},"modified":"2013-05-06T10:32:40","modified_gmt":"2013-05-06T10:32:40","slug":"urbanizacion-bulevar-san-pedro","status":"publish","type":"post","link":"https:\/\/www.escarioarquitectos.com\/?p=611","title":{"rendered":"urbanizaci\u00f3n bulevar san pedro"},"content":{"rendered":"<p style=\"text-align: justify;\"><!-- default-view.php -->\n<div\n\tclass=\"ngg-galleryoverview default-view \"\n\tid=\"ngg-gallery-eae6899d2ec8446df36dbc133248ef4a-1\">\n\n\t\t<!-- Thumbnails -->\n\t\t\t\t<div id=\"ngg-image-0\" class=\"ngg-gallery-thumbnail-box \" >\n\t\t\t\t        <div class=\"ngg-gallery-thumbnail\">\n            <a href=\"https:\/\/www.escarioarquitectos.com\/wp-content\/gallery\/bulevarcabanyal\/u65-bulevarcabanyalw01.jpg\"\n               title=\"\"\n               data-src=\"https:\/\/www.escarioarquitectos.com\/wp-content\/gallery\/bulevarcabanyal\/u65-bulevarcabanyalw01.jpg\"\n               data-thumbnail=\"https:\/\/www.escarioarquitectos.com\/wp-content\/gallery\/bulevarcabanyal\/thumbs\/thumbs_u65-bulevarcabanyalw01.jpg\"\n               data-image-id=\"576\"\n               data-title=\"u65-bulevarcabanyalw01\"\n               data-description=\"\"\n               data-image-slug=\"u65-bulevarcabanyalw01\"\n               class=\"ngg-simplelightbox\" rel=\"eae6899d2ec8446df36dbc133248ef4a\">\n                <img\n                    title=\"u65-bulevarcabanyalw01\"\n                    alt=\"u65-bulevarcabanyalw01\"\n                    src=\"https:\/\/www.escarioarquitectos.com\/wp-content\/gallery\/bulevarcabanyal\/thumbs\/thumbs_u65-bulevarcabanyalw01.jpg\"\n                    width=\"222\"\n                    height=\"143\"\n                    style=\"max-width:100%;\"\n                \/>\n            <\/a>\n        <\/div>\n\t\t\t\t\t\t\t<\/div> \n\t\t\t\n\t\t\t\t<div id=\"ngg-image-1\" class=\"ngg-gallery-thumbnail-box \" >\n\t\t\t\t        <div class=\"ngg-gallery-thumbnail\">\n            <a href=\"https:\/\/www.escarioarquitectos.com\/wp-content\/gallery\/bulevarcabanyal\/u65-bulevarcabanyalw02.jpg\"\n               title=\"\"\n               data-src=\"https:\/\/www.escarioarquitectos.com\/wp-content\/gallery\/bulevarcabanyal\/u65-bulevarcabanyalw02.jpg\"\n               data-thumbnail=\"https:\/\/www.escarioarquitectos.com\/wp-content\/gallery\/bulevarcabanyal\/thumbs\/thumbs_u65-bulevarcabanyalw02.jpg\"\n               data-image-id=\"577\"\n               data-title=\"u65-bulevarcabanyalw02\"\n               data-description=\"\"\n               data-image-slug=\"u65-bulevarcabanyalw02\"\n               class=\"ngg-simplelightbox\" rel=\"eae6899d2ec8446df36dbc133248ef4a\">\n                <img\n                    title=\"u65-bulevarcabanyalw02\"\n                    alt=\"u65-bulevarcabanyalw02\"\n                    src=\"https:\/\/www.escarioarquitectos.com\/wp-content\/gallery\/bulevarcabanyal\/thumbs\/thumbs_u65-bulevarcabanyalw02.jpg\"\n                    width=\"222\"\n                    height=\"143\"\n                    style=\"max-width:100%;\"\n                \/>\n            <\/a>\n        <\/div>\n\t\t\t\t\t\t\t<\/div> \n\t\t\t\n\t\t\t\t<div id=\"ngg-image-2\" class=\"ngg-gallery-thumbnail-box \" >\n\t\t\t\t        <div class=\"ngg-gallery-thumbnail\">\n            <a href=\"https:\/\/www.escarioarquitectos.com\/wp-content\/gallery\/bulevarcabanyal\/u65-bulevarcabanyalw03.jpg\"\n               title=\"\"\n               data-src=\"https:\/\/www.escarioarquitectos.com\/wp-content\/gallery\/bulevarcabanyal\/u65-bulevarcabanyalw03.jpg\"\n               data-thumbnail=\"https:\/\/www.escarioarquitectos.com\/wp-content\/gallery\/bulevarcabanyal\/thumbs\/thumbs_u65-bulevarcabanyalw03.jpg\"\n               data-image-id=\"578\"\n               data-title=\"u65-bulevarcabanyalw03\"\n               data-description=\"\"\n               data-image-slug=\"u65-bulevarcabanyalw03\"\n               class=\"ngg-simplelightbox\" rel=\"eae6899d2ec8446df36dbc133248ef4a\">\n                <img\n                    title=\"u65-bulevarcabanyalw03\"\n                    alt=\"u65-bulevarcabanyalw03\"\n                    src=\"https:\/\/www.escarioarquitectos.com\/wp-content\/gallery\/bulevarcabanyal\/thumbs\/thumbs_u65-bulevarcabanyalw03.jpg\"\n                    width=\"222\"\n                    height=\"143\"\n                    style=\"max-width:100%;\"\n                \/>\n            <\/a>\n        <\/div>\n\t\t\t\t\t\t\t<\/div> \n\t\t\t\n\t\t\t\t<div id=\"ngg-image-3\" class=\"ngg-gallery-thumbnail-box \" >\n\t\t\t\t        <div class=\"ngg-gallery-thumbnail\">\n            <a href=\"https:\/\/www.escarioarquitectos.com\/wp-content\/gallery\/bulevarcabanyal\/u65-bulevarcabanyalw04.jpg\"\n               title=\"\"\n               data-src=\"https:\/\/www.escarioarquitectos.com\/wp-content\/gallery\/bulevarcabanyal\/u65-bulevarcabanyalw04.jpg\"\n               data-thumbnail=\"https:\/\/www.escarioarquitectos.com\/wp-content\/gallery\/bulevarcabanyal\/thumbs\/thumbs_u65-bulevarcabanyalw04.jpg\"\n               data-image-id=\"579\"\n               data-title=\"u65-bulevarcabanyalw04\"\n               data-description=\"\"\n               data-image-slug=\"u65-bulevarcabanyalw04\"\n               class=\"ngg-simplelightbox\" rel=\"eae6899d2ec8446df36dbc133248ef4a\">\n                <img\n                    title=\"u65-bulevarcabanyalw04\"\n                    alt=\"u65-bulevarcabanyalw04\"\n                    src=\"https:\/\/www.escarioarquitectos.com\/wp-content\/gallery\/bulevarcabanyal\/thumbs\/thumbs_u65-bulevarcabanyalw04.jpg\"\n                    width=\"222\"\n                    height=\"143\"\n                    style=\"max-width:100%;\"\n                \/>\n            <\/a>\n        <\/div>\n\t\t\t\t\t\t\t<\/div> \n\t\t\t\n\t\n\t<br style=\"clear: both\" \/>\n\n\t\n\t\t<!-- Pagination -->\n\t<div class='ngg-clear'><\/div>\t<\/div>\n<\/p>\n<p style=\"text-align: justify;\">UN EJE URBANO PARA ARTICULAR EL BARRIO DEL CABA\u00d1AL-CA\u00d1AMELAR INTEGRADO EN EL AMBICIOSO PROYECTO DEL AYUNTAMIENTO DE VALENCIA AL MAR.<\/p>\n<p style=\"text-align: justify;\">El Bulevar San Pedro est\u00e1 encuadrado dentro del ic\u00f3nico proyecto \u201cValencia al Mar-Avda. Blasco Iba\u00f1ez\u201d que tiene como objetivo abrir la ciudad de Valencia hacia el Mediterr\u00e1neo.<br \/>\nEste paseo se plantea como un importante eje para articular el barrio del Caba\u00f1al y regenerarlo proponiendo nuevos espacios de calidad. El bulevar se sit\u00faa integrado dentro de la trama urbana del barrio y perpendicular a la Avda. Blasco Ib\u00e1\u00f1ez, propagando su influencia hacia el interior del barrio para una regeneraci\u00f3n m\u00e1s efectiva.<br \/>\nSe plantea tambi\u00e9n un aparcamiento subterr\u00e1neo en dos s\u00f3tanos con una capacidad de 517 plazas para suplir la necesidad de aparcamiento del barrio.<\/p>\n","protected":false},"excerpt":{"rendered":"<p>Un eje urbano para articular el barrio del caba\u00f1al-ca\u00f1amelar integrado en el ambicioso proyecto del ayuntamiento de Valencia al mar. El Bulevar San Pedro est\u00e1 encuadrado dentro del ic\u00f3nico proyecto \u201cValencia al Mar-Avda. Blasco Iba\u00f1ez\u201d que tiene como objetivo abrir la ciudad de Valencia hacia el Mediterr\u00e1neo. Escario Arquitectos<\/p>\n","protected":false},"author":5,"featured_media":845,"comment_status":"closed","ping_status":"closed","sticky":false,"template":"","format":"standard","meta":{"ngg_post_thumbnail":0,"footnotes":""},"categories":[2,1],"tags":[],"_links":{"self":[{"href":"https:\/\/www.escarioarquitectos.com\/index.php?rest_route=\/wp\/v2\/posts\/611"}],"collection":[{"href":"https:\/\/www.escarioarquitectos.com\/index.php?rest_route=\/wp\/v2\/posts"}],"about":[{"href":"https:\/\/www.escarioarquitectos.com\/index.php?rest_route=\/wp\/v2\/types\/post"}],"author":[{"embeddable":true,"href":"https:\/\/www.escarioarquitectos.com\/index.php?rest_route=\/wp\/v2\/users\/5"}],"replies":[{"embeddable":true,"href":"https:\/\/www.escarioarquitectos.com\/index.php?rest_route=%2Fwp%2Fv2%2Fcomments&post=611"}],"version-history":[{"count":9,"href":"https:\/\/www.escarioarquitectos.com\/index.php?rest_route=\/wp\/v2\/posts\/611\/revisions"}],"predecessor-version":[{"id":1207,"href":"https:\/\/www.escarioarquitectos.com\/index.php?rest_route=\/wp\/v2\/posts\/611\/revisions\/1207"}],"wp:featuredmedia":[{"embeddable":true,"href":"https:\/\/www.escarioarquitectos.com\/index.php?rest_route=\/wp\/v2\/media\/845"}],"wp:attachment":[{"href":"https:\/\/www.escarioarquitectos.com\/index.php?rest_route=%2Fwp%2Fv2%2Fmedia&parent=611"}],"wp:term":[{"taxonomy":"category","embeddable":true,"href":"https:\/\/www.escarioarquitectos.com\/index.php?rest_route=%2Fwp%2Fv2%2Fcategories&post=611"},{"taxonomy":"post_tag","embeddable":true,"href":"https:\/\/www.escarioarquitectos.com\/index.php?rest_route=%2Fwp%2Fv2%2Ftags&post=611"}],"curies":[{"name":"wp","href":"https:\/\/api.w.org\/{rel}","templated":true}]}}