{"id":617,"date":"2012-08-01T11:27:11","date_gmt":"2012-08-01T11:27:11","guid":{"rendered":"https:\/\/www.escarioarquitectos.com\/?p=617"},"modified":"2013-05-07T14:43:39","modified_gmt":"2013-05-07T14:43:39","slug":"rehabilitacion-falcultad-c-c-rectorado-u-v","status":"publish","type":"post","link":"https:\/\/www.escarioarquitectos.com\/?p=617","title":{"rendered":"rehabilitaci\u00f3n rectorado Universidad de Valencia"},"content":{"rendered":"<p style=\"text-align: justify;\"><!-- default-view.php -->\n<div\n\tclass=\"ngg-galleryoverview default-view \"\n\tid=\"ngg-gallery-3ca4fa38530db11101dc421afbaa792b-1\">\n\n\t\t<!-- Thumbnails -->\n\t\t\t\t<div id=\"ngg-image-0\" class=\"ngg-gallery-thumbnail-box \" >\n\t\t\t\t        <div class=\"ngg-gallery-thumbnail\">\n            <a href=\"https:\/\/www.escarioarquitectos.com\/wp-content\/gallery\/rectoradouv\/s5a-rectoradouv-w2.jpg\"\n               title=\"\"\n               data-src=\"https:\/\/www.escarioarquitectos.com\/wp-content\/gallery\/rectoradouv\/s5a-rectoradouv-w2.jpg\"\n               data-thumbnail=\"https:\/\/www.escarioarquitectos.com\/wp-content\/gallery\/rectoradouv\/thumbs\/thumbs_s5a-rectoradouv-w2.jpg\"\n               data-image-id=\"636\"\n               data-title=\"s5a-rectoradouv-w2\"\n               data-description=\"\"\n               data-image-slug=\"s5a-rectoradouv-w2\"\n               class=\"ngg-simplelightbox\" rel=\"3ca4fa38530db11101dc421afbaa792b\">\n                <img\n                    title=\"s5a-rectoradouv-w2\"\n                    alt=\"s5a-rectoradouv-w2\"\n                    src=\"https:\/\/www.escarioarquitectos.com\/wp-content\/gallery\/rectoradouv\/thumbs\/thumbs_s5a-rectoradouv-w2.jpg\"\n                    width=\"222\"\n                    height=\"143\"\n                    style=\"max-width:100%;\"\n                \/>\n            <\/a>\n        <\/div>\n\t\t\t\t\t\t\t<\/div> \n\t\t\t\n\t\t\t\t<div id=\"ngg-image-1\" class=\"ngg-gallery-thumbnail-box \" >\n\t\t\t\t        <div class=\"ngg-gallery-thumbnail\">\n            <a href=\"https:\/\/www.escarioarquitectos.com\/wp-content\/gallery\/rectoradouv\/s5a-rectoradouv-w3.jpg\"\n               title=\"\"\n               data-src=\"https:\/\/www.escarioarquitectos.com\/wp-content\/gallery\/rectoradouv\/s5a-rectoradouv-w3.jpg\"\n               data-thumbnail=\"https:\/\/www.escarioarquitectos.com\/wp-content\/gallery\/rectoradouv\/thumbs\/thumbs_s5a-rectoradouv-w3.jpg\"\n               data-image-id=\"637\"\n               data-title=\"s5a-rectoradouv-w3\"\n               data-description=\"\"\n               data-image-slug=\"s5a-rectoradouv-w3\"\n               class=\"ngg-simplelightbox\" rel=\"3ca4fa38530db11101dc421afbaa792b\">\n                <img\n                    title=\"s5a-rectoradouv-w3\"\n                    alt=\"s5a-rectoradouv-w3\"\n                    src=\"https:\/\/www.escarioarquitectos.com\/wp-content\/gallery\/rectoradouv\/thumbs\/thumbs_s5a-rectoradouv-w3.jpg\"\n                    width=\"222\"\n                    height=\"143\"\n                    style=\"max-width:100%;\"\n                \/>\n            <\/a>\n        <\/div>\n\t\t\t\t\t\t\t<\/div> \n\t\t\t\n\t\t\t\t<div id=\"ngg-image-2\" class=\"ngg-gallery-thumbnail-box \" >\n\t\t\t\t        <div class=\"ngg-gallery-thumbnail\">\n            <a href=\"https:\/\/www.escarioarquitectos.com\/wp-content\/gallery\/rectoradouv\/s5a-rectoradouv-w4.jpg\"\n               title=\"\"\n               data-src=\"https:\/\/www.escarioarquitectos.com\/wp-content\/gallery\/rectoradouv\/s5a-rectoradouv-w4.jpg\"\n               data-thumbnail=\"https:\/\/www.escarioarquitectos.com\/wp-content\/gallery\/rectoradouv\/thumbs\/thumbs_s5a-rectoradouv-w4.jpg\"\n               data-image-id=\"638\"\n               data-title=\"s5a-rectoradouv-w4\"\n               data-description=\"\"\n               data-image-slug=\"s5a-rectoradouv-w4\"\n               class=\"ngg-simplelightbox\" rel=\"3ca4fa38530db11101dc421afbaa792b\">\n                <img\n                    title=\"s5a-rectoradouv-w4\"\n                    alt=\"s5a-rectoradouv-w4\"\n                    src=\"https:\/\/www.escarioarquitectos.com\/wp-content\/gallery\/rectoradouv\/thumbs\/thumbs_s5a-rectoradouv-w4.jpg\"\n                    width=\"222\"\n                    height=\"143\"\n                    style=\"max-width:100%;\"\n                \/>\n            <\/a>\n        <\/div>\n\t\t\t\t\t\t\t<\/div> \n\t\t\t\n\t\t\t\t<div id=\"ngg-image-3\" class=\"ngg-gallery-thumbnail-box \" >\n\t\t\t\t        <div class=\"ngg-gallery-thumbnail\">\n            <a href=\"https:\/\/www.escarioarquitectos.com\/wp-content\/gallery\/rectoradouv\/s5a-rectoradouv-w5.jpg\"\n               title=\"\"\n               data-src=\"https:\/\/www.escarioarquitectos.com\/wp-content\/gallery\/rectoradouv\/s5a-rectoradouv-w5.jpg\"\n               data-thumbnail=\"https:\/\/www.escarioarquitectos.com\/wp-content\/gallery\/rectoradouv\/thumbs\/thumbs_s5a-rectoradouv-w5.jpg\"\n               data-image-id=\"639\"\n               data-title=\"s5a-rectoradouv-w5\"\n               data-description=\"\"\n               data-image-slug=\"s5a-rectoradouv-w5\"\n               class=\"ngg-simplelightbox\" rel=\"3ca4fa38530db11101dc421afbaa792b\">\n                <img\n                    title=\"s5a-rectoradouv-w5\"\n                    alt=\"s5a-rectoradouv-w5\"\n                    src=\"https:\/\/www.escarioarquitectos.com\/wp-content\/gallery\/rectoradouv\/thumbs\/thumbs_s5a-rectoradouv-w5.jpg\"\n                    width=\"222\"\n                    height=\"143\"\n                    style=\"max-width:100%;\"\n                \/>\n            <\/a>\n        <\/div>\n\t\t\t\t\t\t\t<\/div> \n\t\t\t\n\t\t\t\t<div id=\"ngg-image-4\" class=\"ngg-gallery-thumbnail-box \" >\n\t\t\t\t        <div class=\"ngg-gallery-thumbnail\">\n            <a href=\"https:\/\/www.escarioarquitectos.com\/wp-content\/gallery\/rectoradouv\/s5a-rectoradouv-w6.jpg\"\n               title=\"\"\n               data-src=\"https:\/\/www.escarioarquitectos.com\/wp-content\/gallery\/rectoradouv\/s5a-rectoradouv-w6.jpg\"\n               data-thumbnail=\"https:\/\/www.escarioarquitectos.com\/wp-content\/gallery\/rectoradouv\/thumbs\/thumbs_s5a-rectoradouv-w6.jpg\"\n               data-image-id=\"640\"\n               data-title=\"s5a-rectoradouv-w6\"\n               data-description=\"\"\n               data-image-slug=\"s5a-rectoradouv-w6\"\n               class=\"ngg-simplelightbox\" rel=\"3ca4fa38530db11101dc421afbaa792b\">\n                <img\n                    title=\"s5a-rectoradouv-w6\"\n                    alt=\"s5a-rectoradouv-w6\"\n                    src=\"https:\/\/www.escarioarquitectos.com\/wp-content\/gallery\/rectoradouv\/thumbs\/thumbs_s5a-rectoradouv-w6.jpg\"\n                    width=\"222\"\n                    height=\"143\"\n                    style=\"max-width:100%;\"\n                \/>\n            <\/a>\n        <\/div>\n\t\t\t\t\t\t\t<\/div> \n\t\t\t\n\t\t\t\t<div id=\"ngg-image-5\" class=\"ngg-gallery-thumbnail-box \" >\n\t\t\t\t        <div class=\"ngg-gallery-thumbnail\">\n            <a href=\"https:\/\/www.escarioarquitectos.com\/wp-content\/gallery\/rectoradouv\/s5a-rectoradouv-w8.jpg\"\n               title=\"\"\n               data-src=\"https:\/\/www.escarioarquitectos.com\/wp-content\/gallery\/rectoradouv\/s5a-rectoradouv-w8.jpg\"\n               data-thumbnail=\"https:\/\/www.escarioarquitectos.com\/wp-content\/gallery\/rectoradouv\/thumbs\/thumbs_s5a-rectoradouv-w8.jpg\"\n               data-image-id=\"641\"\n               data-title=\"s5a-rectoradouv-w8\"\n               data-description=\"\"\n               data-image-slug=\"s5a-rectoradouv-w8\"\n               class=\"ngg-simplelightbox\" rel=\"3ca4fa38530db11101dc421afbaa792b\">\n                <img\n                    title=\"s5a-rectoradouv-w8\"\n                    alt=\"s5a-rectoradouv-w8\"\n                    src=\"https:\/\/www.escarioarquitectos.com\/wp-content\/gallery\/rectoradouv\/thumbs\/thumbs_s5a-rectoradouv-w8.jpg\"\n                    width=\"222\"\n                    height=\"143\"\n                    style=\"max-width:100%;\"\n                \/>\n            <\/a>\n        <\/div>\n\t\t\t\t\t\t\t<\/div> \n\t\t\t\n\t\t\t\t<div id=\"ngg-image-6\" class=\"ngg-gallery-thumbnail-box \" >\n\t\t\t\t        <div class=\"ngg-gallery-thumbnail\">\n            <a href=\"https:\/\/www.escarioarquitectos.com\/wp-content\/gallery\/rectoradouv\/s5a-rectoradouv-w9.jpg\"\n               title=\"\"\n               data-src=\"https:\/\/www.escarioarquitectos.com\/wp-content\/gallery\/rectoradouv\/s5a-rectoradouv-w9.jpg\"\n               data-thumbnail=\"https:\/\/www.escarioarquitectos.com\/wp-content\/gallery\/rectoradouv\/thumbs\/thumbs_s5a-rectoradouv-w9.jpg\"\n               data-image-id=\"642\"\n               data-title=\"s5a-rectoradouv-w9\"\n               data-description=\"\"\n               data-image-slug=\"s5a-rectoradouv-w9\"\n               class=\"ngg-simplelightbox\" rel=\"3ca4fa38530db11101dc421afbaa792b\">\n                <img\n                    title=\"s5a-rectoradouv-w9\"\n                    alt=\"s5a-rectoradouv-w9\"\n                    src=\"https:\/\/www.escarioarquitectos.com\/wp-content\/gallery\/rectoradouv\/thumbs\/thumbs_s5a-rectoradouv-w9.jpg\"\n                    width=\"222\"\n                    height=\"143\"\n                    style=\"max-width:100%;\"\n                \/>\n            <\/a>\n        <\/div>\n\t\t\t\t\t\t\t<\/div> \n\t\t\t\n\t\t\t\t<div id=\"ngg-image-7\" class=\"ngg-gallery-thumbnail-box \" >\n\t\t\t\t        <div class=\"ngg-gallery-thumbnail\">\n            <a href=\"https:\/\/www.escarioarquitectos.com\/wp-content\/gallery\/rectoradouv\/s5a-rectoradouv-w7.jpg\"\n               title=\"\"\n               data-src=\"https:\/\/www.escarioarquitectos.com\/wp-content\/gallery\/rectoradouv\/s5a-rectoradouv-w7.jpg\"\n               data-thumbnail=\"https:\/\/www.escarioarquitectos.com\/wp-content\/gallery\/rectoradouv\/thumbs\/thumbs_s5a-rectoradouv-w7.jpg\"\n               data-image-id=\"643\"\n               data-title=\"s5a-rectoradouv-w7\"\n               data-description=\"\"\n               data-image-slug=\"s5a-rectoradouv-w7\"\n               class=\"ngg-simplelightbox\" rel=\"3ca4fa38530db11101dc421afbaa792b\">\n                <img\n                    title=\"s5a-rectoradouv-w7\"\n                    alt=\"s5a-rectoradouv-w7\"\n                    src=\"https:\/\/www.escarioarquitectos.com\/wp-content\/gallery\/rectoradouv\/thumbs\/thumbs_s5a-rectoradouv-w7.jpg\"\n                    width=\"222\"\n                    height=\"143\"\n                    style=\"max-width:100%;\"\n                \/>\n            <\/a>\n        <\/div>\n\t\t\t\t\t\t\t<\/div> \n\t\t\t\n\t\n\t<br style=\"clear: both\" \/>\n\n\t\n\t\t<!-- Pagination -->\n\t<div class='ngg-clear'><\/div>\t<\/div>\n<\/p>\n<p style=\"text-align: justify;\">ACTUACI\u00d3N INTEGRAL SOBRE LA ANTIGUA FACULTAD DE CIENCIAS PARA DAR CABIDA A LAS NUEVAS OFICINAS DE RECTORADO DE LA UNIVERSITAT DE VAL\u00c8NCIA.<\/p>\n<p style=\"text-align: justify;\">En este proyecto se act\u00faa sobre la antigua Facultad de Ciencias de la Universitat de Val\u00e8ncia, que albergaba, entre otros el Observatorio astron\u00f3mico de la instituci\u00f3n. En un principio, fue dise\u00f1ada formando parte de un \u00fanico edificio junto con el de la facultad de Medicina, iniciando esta primera fase del proyecto el arquitecto Jos\u00e9 Luis Oriol y Urig\u00fcen, y desglos\u00e1ndose de ella en 1911. Las obras sufrieron varias interrupciones, encarg\u00e1ndose del proyecto definitivo Mariano Peset Aleixandre, redact\u00e1ndolo en 1933.<br \/>\nEl objetivo de la actuaci\u00f3n es rehabilitar el edificio para dar cabida al nuevo servicio de rectorado de la Universitat. El proyecto restaura las fachadas y actualiza los interiores recuperando y poniendo en valor elementos arquitect\u00f3nicos existentes. A una escala superior se ordena la plaza que une rectorado con la Facultad de Medicina, situando un aparcamiento subterr\u00e1neo y dotando al conjunto de una cafeter\u00eda.<\/p>\n","protected":false},"excerpt":{"rendered":"<p>En este proyecto se act\u00faa sobre la antigua Facultad de Ciencias de la Universitat de Val\u00e8ncia, que albergaba, entre otros el Observatorio astron\u00f3mico de la instituci\u00f3n. Escario Arquitectos.<\/p>\n","protected":false},"author":5,"featured_media":976,"comment_status":"closed","ping_status":"closed","sticky":false,"template":"","format":"standard","meta":{"ngg_post_thumbnail":0,"footnotes":""},"categories":[8,1,48],"tags":[],"_links":{"self":[{"href":"https:\/\/www.escarioarquitectos.com\/index.php?rest_route=\/wp\/v2\/posts\/617"}],"collection":[{"href":"https:\/\/www.escarioarquitectos.com\/index.php?rest_route=\/wp\/v2\/posts"}],"about":[{"href":"https:\/\/www.escarioarquitectos.com\/index.php?rest_route=\/wp\/v2\/types\/post"}],"author":[{"embeddable":true,"href":"https:\/\/www.escarioarquitectos.com\/index.php?rest_route=\/wp\/v2\/users\/5"}],"replies":[{"embeddable":true,"href":"https:\/\/www.escarioarquitectos.com\/index.php?rest_route=%2Fwp%2Fv2%2Fcomments&post=617"}],"version-history":[{"count":14,"href":"https:\/\/www.escarioarquitectos.com\/index.php?rest_route=\/wp\/v2\/posts\/617\/revisions"}],"predecessor-version":[{"id":1215,"href":"https:\/\/www.escarioarquitectos.com\/index.php?rest_route=\/wp\/v2\/posts\/617\/revisions\/1215"}],"wp:featuredmedia":[{"embeddable":true,"href":"https:\/\/www.escarioarquitectos.com\/index.php?rest_route=\/wp\/v2\/media\/976"}],"wp:attachment":[{"href":"https:\/\/www.escarioarquitectos.com\/index.php?rest_route=%2Fwp%2Fv2%2Fmedia&parent=617"}],"wp:term":[{"taxonomy":"category","embeddable":true,"href":"https:\/\/www.escarioarquitectos.com\/index.php?rest_route=%2Fwp%2Fv2%2Fcategories&post=617"},{"taxonomy":"post_tag","embeddable":true,"href":"https:\/\/www.escarioarquitectos.com\/index.php?rest_route=%2Fwp%2Fv2%2Ftags&post=617"}],"curies":[{"name":"wp","href":"https:\/\/api.w.org\/{rel}","templated":true}]}}