{"id":619,"date":"2012-11-01T11:31:51","date_gmt":"2012-11-01T11:31:51","guid":{"rendered":"https:\/\/www.escarioarquitectos.com\/?p=619"},"modified":"2013-05-06T10:25:24","modified_gmt":"2013-05-06T10:25:24","slug":"edificio-rex","status":"publish","type":"post","link":"https:\/\/www.escarioarquitectos.com\/?p=619","title":{"rendered":"edificio Rex"},"content":{"rendered":"<p style=\"text-align: justify;\"><!-- default-view.php -->\n<div\n\tclass=\"ngg-galleryoverview default-view \"\n\tid=\"ngg-gallery-f593de7aded753e92d31d71fed51aea7-1\">\n\n\t\t<!-- Thumbnails -->\n\t\t\t\t<div id=\"ngg-image-0\" class=\"ngg-gallery-thumbnail-box \" >\n\t\t\t\t        <div class=\"ngg-gallery-thumbnail\">\n            <a href=\"https:\/\/www.escarioarquitectos.com\/wp-content\/gallery\/edificiorex\/q88-rex-w1.jpg\"\n               title=\"\"\n               data-src=\"https:\/\/www.escarioarquitectos.com\/wp-content\/gallery\/edificiorex\/q88-rex-w1.jpg\"\n               data-thumbnail=\"https:\/\/www.escarioarquitectos.com\/wp-content\/gallery\/edificiorex\/thumbs\/thumbs_q88-rex-w1.jpg\"\n               data-image-id=\"617\"\n               data-title=\"q88-rex-w1\"\n               data-description=\"\"\n               data-image-slug=\"q88-rex-w1\"\n               class=\"ngg-simplelightbox\" rel=\"f593de7aded753e92d31d71fed51aea7\">\n                <img\n                    title=\"q88-rex-w1\"\n                    alt=\"q88-rex-w1\"\n                    src=\"https:\/\/www.escarioarquitectos.com\/wp-content\/gallery\/edificiorex\/thumbs\/thumbs_q88-rex-w1.jpg\"\n                    width=\"222\"\n                    height=\"143\"\n                    style=\"max-width:100%;\"\n                \/>\n            <\/a>\n        <\/div>\n\t\t\t\t\t\t\t<\/div> \n\t\t\t\n\t\t\t\t<div id=\"ngg-image-1\" class=\"ngg-gallery-thumbnail-box \" >\n\t\t\t\t        <div class=\"ngg-gallery-thumbnail\">\n            <a href=\"https:\/\/www.escarioarquitectos.com\/wp-content\/gallery\/edificiorex\/q88-rex-w2.jpg\"\n               title=\"\"\n               data-src=\"https:\/\/www.escarioarquitectos.com\/wp-content\/gallery\/edificiorex\/q88-rex-w2.jpg\"\n               data-thumbnail=\"https:\/\/www.escarioarquitectos.com\/wp-content\/gallery\/edificiorex\/thumbs\/thumbs_q88-rex-w2.jpg\"\n               data-image-id=\"618\"\n               data-title=\"q88-rex-w2\"\n               data-description=\"\"\n               data-image-slug=\"q88-rex-w2\"\n               class=\"ngg-simplelightbox\" rel=\"f593de7aded753e92d31d71fed51aea7\">\n                <img\n                    title=\"q88-rex-w2\"\n                    alt=\"q88-rex-w2\"\n                    src=\"https:\/\/www.escarioarquitectos.com\/wp-content\/gallery\/edificiorex\/thumbs\/thumbs_q88-rex-w2.jpg\"\n                    width=\"222\"\n                    height=\"143\"\n                    style=\"max-width:100%;\"\n                \/>\n            <\/a>\n        <\/div>\n\t\t\t\t\t\t\t<\/div> \n\t\t\t\n\t\t\t\t<div id=\"ngg-image-2\" class=\"ngg-gallery-thumbnail-box \" >\n\t\t\t\t        <div class=\"ngg-gallery-thumbnail\">\n            <a href=\"https:\/\/www.escarioarquitectos.com\/wp-content\/gallery\/edificiorex\/q88-rex-w3.jpg\"\n               title=\"\"\n               data-src=\"https:\/\/www.escarioarquitectos.com\/wp-content\/gallery\/edificiorex\/q88-rex-w3.jpg\"\n               data-thumbnail=\"https:\/\/www.escarioarquitectos.com\/wp-content\/gallery\/edificiorex\/thumbs\/thumbs_q88-rex-w3.jpg\"\n               data-image-id=\"619\"\n               data-title=\"q88-rex-w3\"\n               data-description=\"\"\n               data-image-slug=\"q88-rex-w3\"\n               class=\"ngg-simplelightbox\" rel=\"f593de7aded753e92d31d71fed51aea7\">\n                <img\n                    title=\"q88-rex-w3\"\n                    alt=\"q88-rex-w3\"\n                    src=\"https:\/\/www.escarioarquitectos.com\/wp-content\/gallery\/edificiorex\/thumbs\/thumbs_q88-rex-w3.jpg\"\n                    width=\"222\"\n                    height=\"143\"\n                    style=\"max-width:100%;\"\n                \/>\n            <\/a>\n        <\/div>\n\t\t\t\t\t\t\t<\/div> \n\t\t\t\n\t\t\t\t<div id=\"ngg-image-3\" class=\"ngg-gallery-thumbnail-box \" >\n\t\t\t\t        <div class=\"ngg-gallery-thumbnail\">\n            <a href=\"https:\/\/www.escarioarquitectos.com\/wp-content\/gallery\/edificiorex\/q88-rex-w4.jpg\"\n               title=\"\"\n               data-src=\"https:\/\/www.escarioarquitectos.com\/wp-content\/gallery\/edificiorex\/q88-rex-w4.jpg\"\n               data-thumbnail=\"https:\/\/www.escarioarquitectos.com\/wp-content\/gallery\/edificiorex\/thumbs\/thumbs_q88-rex-w4.jpg\"\n               data-image-id=\"620\"\n               data-title=\"q88-rex-w4\"\n               data-description=\"\"\n               data-image-slug=\"q88-rex-w4\"\n               class=\"ngg-simplelightbox\" rel=\"f593de7aded753e92d31d71fed51aea7\">\n                <img\n                    title=\"q88-rex-w4\"\n                    alt=\"q88-rex-w4\"\n                    src=\"https:\/\/www.escarioarquitectos.com\/wp-content\/gallery\/edificiorex\/thumbs\/thumbs_q88-rex-w4.jpg\"\n                    width=\"222\"\n                    height=\"143\"\n                    style=\"max-width:100%;\"\n                \/>\n            <\/a>\n        <\/div>\n\t\t\t\t\t\t\t<\/div> \n\t\t\t\n\t\n\t<br style=\"clear: both\" \/>\n\n\t\n\t\t<!-- Pagination -->\n\t<div class='ngg-clear'><\/div>\t<\/div>\n<\/p>\n<p style=\"text-align: justify;\">CONCEPCI\u00d3N RACIONAL DE LA ESTRUCTURA QUE PERMITE UNA PERFECTA INTEGRACI\u00d3N DEL EDIFICIO EN EL CENTRO HIST\u00d3RICO DE VAL\u00c8NCIA A LA VEZ QUE LE PROPORCIONA UNA IMAGEN MODERNA.<\/p>\n<p style=\"text-align: justify;\">El proyecto encargado parte de la sustituci\u00f3n de un edificio emblem\u00e1tico del centro de Valencia por un nuevo edificios de oficinas. Es por ello que el nuevo edificio se concibe como una reinterpretaci\u00f3n del inmueble anterior, el Cine Rex.<br \/>\nSe recupera la forma almenada, con dos torres a los laterales de la fachada, y el esquema compositivo de la fachada, d\u00e1ndole m\u00e1s alturas para albergar todo el programa requerido. Aprovechando esta composici\u00f3n de fachada se plantea una estructura racional que determina una fachada de aspecto moderno e integrado en el entorno.<\/p>\n","protected":false},"excerpt":{"rendered":"<p>El edificio REX. Concepci\u00f3n racional de la estructura que permite una perfecta integraci\u00f3n del edificio en el centro hist\u00f3rico de Val\u00e8ncia a la vez que le proporciona una imagen moderna. Escario Arquitectos.<\/p>\n","protected":false},"author":5,"featured_media":948,"comment_status":"closed","ping_status":"closed","sticky":false,"template":"","format":"standard","meta":{"ngg_post_thumbnail":0,"footnotes":""},"categories":[9,1],"tags":[],"_links":{"self":[{"href":"https:\/\/www.escarioarquitectos.com\/index.php?rest_route=\/wp\/v2\/posts\/619"}],"collection":[{"href":"https:\/\/www.escarioarquitectos.com\/index.php?rest_route=\/wp\/v2\/posts"}],"about":[{"href":"https:\/\/www.escarioarquitectos.com\/index.php?rest_route=\/wp\/v2\/types\/post"}],"author":[{"embeddable":true,"href":"https:\/\/www.escarioarquitectos.com\/index.php?rest_route=\/wp\/v2\/users\/5"}],"replies":[{"embeddable":true,"href":"https:\/\/www.escarioarquitectos.com\/index.php?rest_route=%2Fwp%2Fv2%2Fcomments&post=619"}],"version-history":[{"count":14,"href":"https:\/\/www.escarioarquitectos.com\/index.php?rest_route=\/wp\/v2\/posts\/619\/revisions"}],"predecessor-version":[{"id":1189,"href":"https:\/\/www.escarioarquitectos.com\/index.php?rest_route=\/wp\/v2\/posts\/619\/revisions\/1189"}],"wp:featuredmedia":[{"embeddable":true,"href":"https:\/\/www.escarioarquitectos.com\/index.php?rest_route=\/wp\/v2\/media\/948"}],"wp:attachment":[{"href":"https:\/\/www.escarioarquitectos.com\/index.php?rest_route=%2Fwp%2Fv2%2Fmedia&parent=619"}],"wp:term":[{"taxonomy":"category","embeddable":true,"href":"https:\/\/www.escarioarquitectos.com\/index.php?rest_route=%2Fwp%2Fv2%2Fcategories&post=619"},{"taxonomy":"post_tag","embeddable":true,"href":"https:\/\/www.escarioarquitectos.com\/index.php?rest_route=%2Fwp%2Fv2%2Ftags&post=619"}],"curies":[{"name":"wp","href":"https:\/\/api.w.org\/{rel}","templated":true}]}}