{"id":63,"date":"2012-06-30T12:04:40","date_gmt":"2012-06-30T12:04:40","guid":{"rendered":"https:\/\/www.escarioarquitectos.com\/?p=63"},"modified":"2015-11-11T14:42:26","modified_gmt":"2015-11-11T14:42:26","slug":"hospital-albacete","status":"publish","type":"post","link":"https:\/\/www.escarioarquitectos.com\/?p=63","title":{"rendered":"museo albacete"},"content":{"rendered":"<p style=\"text-align: justify;\"><!-- default-view.php -->\n<div\n\tclass=\"ngg-galleryoverview default-view \"\n\tid=\"ngg-gallery-62b633290958b690b0ac86742febf1da-1\">\n\n\t\t<!-- Thumbnails -->\n\t\t\t\t<div id=\"ngg-image-0\" class=\"ngg-gallery-thumbnail-box \" >\n\t\t\t\t        <div class=\"ngg-gallery-thumbnail\">\n            <a href=\"https:\/\/www.escarioarquitectos.com\/wp-content\/gallery\/musealbacete\/f44-museoalba-w1.jpg\"\n               title=\"\"\n               data-src=\"https:\/\/www.escarioarquitectos.com\/wp-content\/gallery\/musealbacete\/f44-museoalba-w1.jpg\"\n               data-thumbnail=\"https:\/\/www.escarioarquitectos.com\/wp-content\/gallery\/musealbacete\/thumbs\/thumbs_f44-museoalba-w1.jpg\"\n               data-image-id=\"462\"\n               data-title=\"f44-museoalba-w1\"\n               data-description=\"\"\n               data-image-slug=\"f44-museoalba-w1\"\n               class=\"ngg-simplelightbox\" rel=\"62b633290958b690b0ac86742febf1da\">\n                <img\n                    title=\"f44-museoalba-w1\"\n                    alt=\"f44-museoalba-w1\"\n                    src=\"https:\/\/www.escarioarquitectos.com\/wp-content\/gallery\/musealbacete\/thumbs\/thumbs_f44-museoalba-w1.jpg\"\n                    width=\"222\"\n                    height=\"143\"\n                    style=\"max-width:100%;\"\n                \/>\n            <\/a>\n        <\/div>\n\t\t\t\t\t\t\t<\/div> \n\t\t\t\n\t\t\t\t<div id=\"ngg-image-1\" class=\"ngg-gallery-thumbnail-box \" >\n\t\t\t\t        <div class=\"ngg-gallery-thumbnail\">\n            <a href=\"https:\/\/www.escarioarquitectos.com\/wp-content\/gallery\/musealbacete\/f44-museoalba-w2.jpg\"\n               title=\"\"\n               data-src=\"https:\/\/www.escarioarquitectos.com\/wp-content\/gallery\/musealbacete\/f44-museoalba-w2.jpg\"\n               data-thumbnail=\"https:\/\/www.escarioarquitectos.com\/wp-content\/gallery\/musealbacete\/thumbs\/thumbs_f44-museoalba-w2.jpg\"\n               data-image-id=\"463\"\n               data-title=\"f44-museoalba-w2\"\n               data-description=\"\"\n               data-image-slug=\"f44-museoalba-w2\"\n               class=\"ngg-simplelightbox\" rel=\"62b633290958b690b0ac86742febf1da\">\n                <img\n                    title=\"f44-museoalba-w2\"\n                    alt=\"f44-museoalba-w2\"\n                    src=\"https:\/\/www.escarioarquitectos.com\/wp-content\/gallery\/musealbacete\/thumbs\/thumbs_f44-museoalba-w2.jpg\"\n                    width=\"222\"\n                    height=\"143\"\n                    style=\"max-width:100%;\"\n                \/>\n            <\/a>\n        <\/div>\n\t\t\t\t\t\t\t<\/div> \n\t\t\t\n\t\t\t\t<div id=\"ngg-image-2\" class=\"ngg-gallery-thumbnail-box \" >\n\t\t\t\t        <div class=\"ngg-gallery-thumbnail\">\n            <a href=\"https:\/\/www.escarioarquitectos.com\/wp-content\/gallery\/musealbacete\/f44-museoalba-w3.jpg\"\n               title=\"\"\n               data-src=\"https:\/\/www.escarioarquitectos.com\/wp-content\/gallery\/musealbacete\/f44-museoalba-w3.jpg\"\n               data-thumbnail=\"https:\/\/www.escarioarquitectos.com\/wp-content\/gallery\/musealbacete\/thumbs\/thumbs_f44-museoalba-w3.jpg\"\n               data-image-id=\"464\"\n               data-title=\"f44-museoalba-w3\"\n               data-description=\"\"\n               data-image-slug=\"f44-museoalba-w3\"\n               class=\"ngg-simplelightbox\" rel=\"62b633290958b690b0ac86742febf1da\">\n                <img\n                    title=\"f44-museoalba-w3\"\n                    alt=\"f44-museoalba-w3\"\n                    src=\"https:\/\/www.escarioarquitectos.com\/wp-content\/gallery\/musealbacete\/thumbs\/thumbs_f44-museoalba-w3.jpg\"\n                    width=\"222\"\n                    height=\"143\"\n                    style=\"max-width:100%;\"\n                \/>\n            <\/a>\n        <\/div>\n\t\t\t\t\t\t\t<\/div> \n\t\t\t\n\t\t\t\t<div id=\"ngg-image-3\" class=\"ngg-gallery-thumbnail-box \" >\n\t\t\t\t        <div class=\"ngg-gallery-thumbnail\">\n            <a href=\"https:\/\/www.escarioarquitectos.com\/wp-content\/gallery\/musealbacete\/f44-museoalba-w4.jpg\"\n               title=\"\"\n               data-src=\"https:\/\/www.escarioarquitectos.com\/wp-content\/gallery\/musealbacete\/f44-museoalba-w4.jpg\"\n               data-thumbnail=\"https:\/\/www.escarioarquitectos.com\/wp-content\/gallery\/musealbacete\/thumbs\/thumbs_f44-museoalba-w4.jpg\"\n               data-image-id=\"465\"\n               data-title=\"f44-museoalba-w4\"\n               data-description=\"\"\n               data-image-slug=\"f44-museoalba-w4\"\n               class=\"ngg-simplelightbox\" rel=\"62b633290958b690b0ac86742febf1da\">\n                <img\n                    title=\"f44-museoalba-w4\"\n                    alt=\"f44-museoalba-w4\"\n                    src=\"https:\/\/www.escarioarquitectos.com\/wp-content\/gallery\/musealbacete\/thumbs\/thumbs_f44-museoalba-w4.jpg\"\n                    width=\"222\"\n                    height=\"143\"\n                    style=\"max-width:100%;\"\n                \/>\n            <\/a>\n        <\/div>\n\t\t\t\t\t\t\t<\/div> \n\t\t\t\n\t\t\t\t<div id=\"ngg-image-4\" class=\"ngg-gallery-thumbnail-box \" >\n\t\t\t\t        <div class=\"ngg-gallery-thumbnail\">\n            <a href=\"https:\/\/www.escarioarquitectos.com\/wp-content\/gallery\/musealbacete\/f44-museoalba-w5.jpg\"\n               title=\"\"\n               data-src=\"https:\/\/www.escarioarquitectos.com\/wp-content\/gallery\/musealbacete\/f44-museoalba-w5.jpg\"\n               data-thumbnail=\"https:\/\/www.escarioarquitectos.com\/wp-content\/gallery\/musealbacete\/thumbs\/thumbs_f44-museoalba-w5.jpg\"\n               data-image-id=\"466\"\n               data-title=\"f44-museoalba-w5\"\n               data-description=\"\"\n               data-image-slug=\"f44-museoalba-w5\"\n               class=\"ngg-simplelightbox\" rel=\"62b633290958b690b0ac86742febf1da\">\n                <img\n                    title=\"f44-museoalba-w5\"\n                    alt=\"f44-museoalba-w5\"\n                    src=\"https:\/\/www.escarioarquitectos.com\/wp-content\/gallery\/musealbacete\/thumbs\/thumbs_f44-museoalba-w5.jpg\"\n                    width=\"222\"\n                    height=\"143\"\n                    style=\"max-width:100%;\"\n                \/>\n            <\/a>\n        <\/div>\n\t\t\t\t\t\t\t<\/div> \n\t\t\t\n\t\t\t\t<div id=\"ngg-image-5\" class=\"ngg-gallery-thumbnail-box \" >\n\t\t\t\t        <div class=\"ngg-gallery-thumbnail\">\n            <a href=\"https:\/\/www.escarioarquitectos.com\/wp-content\/gallery\/musealbacete\/f44-museoalba-w6.jpg\"\n               title=\"\"\n               data-src=\"https:\/\/www.escarioarquitectos.com\/wp-content\/gallery\/musealbacete\/f44-museoalba-w6.jpg\"\n               data-thumbnail=\"https:\/\/www.escarioarquitectos.com\/wp-content\/gallery\/musealbacete\/thumbs\/thumbs_f44-museoalba-w6.jpg\"\n               data-image-id=\"467\"\n               data-title=\"f44-museoalba-w6\"\n               data-description=\"\"\n               data-image-slug=\"f44-museoalba-w6\"\n               class=\"ngg-simplelightbox\" rel=\"62b633290958b690b0ac86742febf1da\">\n                <img\n                    title=\"f44-museoalba-w6\"\n                    alt=\"f44-museoalba-w6\"\n                    src=\"https:\/\/www.escarioarquitectos.com\/wp-content\/gallery\/musealbacete\/thumbs\/thumbs_f44-museoalba-w6.jpg\"\n                    width=\"222\"\n                    height=\"143\"\n                    style=\"max-width:100%;\"\n                \/>\n            <\/a>\n        <\/div>\n\t\t\t\t\t\t\t<\/div> \n\t\t\t\n\t\t\t\t<div id=\"ngg-image-6\" class=\"ngg-gallery-thumbnail-box \" >\n\t\t\t\t        <div class=\"ngg-gallery-thumbnail\">\n            <a href=\"https:\/\/www.escarioarquitectos.com\/wp-content\/gallery\/musealbacete\/f44-museoalba-w7.jpg\"\n               title=\"\"\n               data-src=\"https:\/\/www.escarioarquitectos.com\/wp-content\/gallery\/musealbacete\/f44-museoalba-w7.jpg\"\n               data-thumbnail=\"https:\/\/www.escarioarquitectos.com\/wp-content\/gallery\/musealbacete\/thumbs\/thumbs_f44-museoalba-w7.jpg\"\n               data-image-id=\"468\"\n               data-title=\"f44-museoalba-w7\"\n               data-description=\"\"\n               data-image-slug=\"f44-museoalba-w7\"\n               class=\"ngg-simplelightbox\" rel=\"62b633290958b690b0ac86742febf1da\">\n                <img\n                    title=\"f44-museoalba-w7\"\n                    alt=\"f44-museoalba-w7\"\n                    src=\"https:\/\/www.escarioarquitectos.com\/wp-content\/gallery\/musealbacete\/thumbs\/thumbs_f44-museoalba-w7.jpg\"\n                    width=\"222\"\n                    height=\"143\"\n                    style=\"max-width:100%;\"\n                \/>\n            <\/a>\n        <\/div>\n\t\t\t\t\t\t\t<\/div> \n\t\t\t\n\t\t\t\t<div id=\"ngg-image-7\" class=\"ngg-gallery-thumbnail-box \" >\n\t\t\t\t        <div class=\"ngg-gallery-thumbnail\">\n            <a href=\"https:\/\/www.escarioarquitectos.com\/wp-content\/gallery\/musealbacete\/f44-museoalba-w8.jpg\"\n               title=\"\"\n               data-src=\"https:\/\/www.escarioarquitectos.com\/wp-content\/gallery\/musealbacete\/f44-museoalba-w8.jpg\"\n               data-thumbnail=\"https:\/\/www.escarioarquitectos.com\/wp-content\/gallery\/musealbacete\/thumbs\/thumbs_f44-museoalba-w8.jpg\"\n               data-image-id=\"469\"\n               data-title=\"f44-museoalba-w8\"\n               data-description=\"\"\n               data-image-slug=\"f44-museoalba-w8\"\n               class=\"ngg-simplelightbox\" rel=\"62b633290958b690b0ac86742febf1da\">\n                <img\n                    title=\"f44-museoalba-w8\"\n                    alt=\"f44-museoalba-w8\"\n                    src=\"https:\/\/www.escarioarquitectos.com\/wp-content\/gallery\/musealbacete\/thumbs\/thumbs_f44-museoalba-w8.jpg\"\n                    width=\"222\"\n                    height=\"143\"\n                    style=\"max-width:100%;\"\n                \/>\n            <\/a>\n        <\/div>\n\t\t\t\t\t\t\t<\/div> \n\t\t\t\n\t\n\t<br style=\"clear: both\" \/>\n\n\t\n\t\t<!-- Pagination -->\n\t<div class='ngg-clear'><\/div>\t<\/div>\n<\/p>\n<p style=\"text-align: justify;\">LA ORGANIZACI\u00d3N DEL MUSEO PERMITE UNA PERFECTA INTEGRACI\u00d3N CON EL ESPACIO NATURAL SOBRE EL QUE SE UBICA<\/p>\n<p style=\"text-align: justify;\">Son coautores de este edificio,\u00a0<strong>Jos\u00e9<\/strong>\u00a0<strong>Antonio Vidal Beneyto<\/strong>\u00a0y\u00a0<strong>Jos\u00e9 Vives Ferrero\u00a0<\/strong>(ESCARIO-VIDAL-VIVES).<\/p>\n<p style=\"text-align: justify;\">El proyecto del museo provincial de Albacete se ubica sobre un parque existente, por lo tanto el respeto por el arbolado existente as\u00ed como la integraci\u00f3n en el paisaje son clave en la concepci\u00f3n de este museo.<br \/>\nLa forma \u201cquebrada\u201d del edificio posibilita adem\u00e1s de la posibilidad de mantener el arbolado existente, que el usuario del mueso mantenga una conexi\u00f3n visual con el entorno natural y la ciudad de Albacete.<br \/>\nEstas aperturas al exterior est\u00e1n estrat\u00e9gicamente dispuestas de forma que no supongan un inconveniente a la funci\u00f3n muse\u00edstica.<\/p>\n<p style=\"text-align: justify;\">\n","protected":false},"excerpt":{"rendered":"<p>La organizaci\u00f3n del museo permite una perfecta integraci\u00f3n con el espacio natural sobre el que se ubica. El proyecto del museo provincial de Albacete se ubica sobre un parque existente, por lo tanto el respeto por el arbolado existente as\u00ed como la integraci\u00f3n en el paisaje son clave en la concepci\u00f3n de este museo. Escario Arquitectos.<\/p>\n","protected":false},"author":5,"featured_media":714,"comment_status":"closed","ping_status":"closed","sticky":false,"template":"","format":"standard","meta":{"ngg_post_thumbnail":0,"footnotes":""},"categories":[2,1],"tags":[],"_links":{"self":[{"href":"https:\/\/www.escarioarquitectos.com\/index.php?rest_route=\/wp\/v2\/posts\/63"}],"collection":[{"href":"https:\/\/www.escarioarquitectos.com\/index.php?rest_route=\/wp\/v2\/posts"}],"about":[{"href":"https:\/\/www.escarioarquitectos.com\/index.php?rest_route=\/wp\/v2\/types\/post"}],"author":[{"embeddable":true,"href":"https:\/\/www.escarioarquitectos.com\/index.php?rest_route=\/wp\/v2\/users\/5"}],"replies":[{"embeddable":true,"href":"https:\/\/www.escarioarquitectos.com\/index.php?rest_route=%2Fwp%2Fv2%2Fcomments&post=63"}],"version-history":[{"count":19,"href":"https:\/\/www.escarioarquitectos.com\/index.php?rest_route=\/wp\/v2\/posts\/63\/revisions"}],"predecessor-version":[{"id":1268,"href":"https:\/\/www.escarioarquitectos.com\/index.php?rest_route=\/wp\/v2\/posts\/63\/revisions\/1268"}],"wp:featuredmedia":[{"embeddable":true,"href":"https:\/\/www.escarioarquitectos.com\/index.php?rest_route=\/wp\/v2\/media\/714"}],"wp:attachment":[{"href":"https:\/\/www.escarioarquitectos.com\/index.php?rest_route=%2Fwp%2Fv2%2Fmedia&parent=63"}],"wp:term":[{"taxonomy":"category","embeddable":true,"href":"https:\/\/www.escarioarquitectos.com\/index.php?rest_route=%2Fwp%2Fv2%2Fcategories&post=63"},{"taxonomy":"post_tag","embeddable":true,"href":"https:\/\/www.escarioarquitectos.com\/index.php?rest_route=%2Fwp%2Fv2%2Ftags&post=63"}],"curies":[{"name":"wp","href":"https:\/\/api.w.org\/{rel}","templated":true}]}}